{"id":4673,"date":"2018-05-31T17:00:09","date_gmt":"2018-05-31T14:00:09","guid":{"rendered":"https:\/\/egegen.com\/blog\/?p=4673"},"modified":"2022-10-10T17:25:34","modified_gmt":"2022-10-10T14:25:34","slug":"egegen-trend-raporu-08-mayis-2018","status":"publish","type":"post","link":"https:\/\/egegen.com\/blog\/egegen-trend-raporu-08-mayis-2018\/","title":{"rendered":"egegen Trend Raporu &#8211; 08 \/ May\u0131s 2018"},"content":{"rendered":"<p>Dijital d\u00fcnyada ya\u015fananlar\u0131, sosyal medya platformlar\u0131ndaki yenilikleri, dijital reklamc\u0131l\u0131\u011f\u0131n etkileyici \u00f6rneklerini ve bizden haberleri bulabilece\u011finiz<strong>\u00a0egegen Trend Raporu<\/strong>\u00a0sekizinci say\u0131s\u0131yla kar\u015f\u0131n\u0131zday\u0131z. Keyifli okumalar dileriz!<\/p>\n<hr \/>\n<h2>Facebook\u2019a Tinder \u00d6zellikleri Gelece\u011fi A\u00e7\u0131kland\u0131<\/h2>\n<p><img class=\"alignnone size-full wp-image-4620\" src=\"https:\/\/egegen.com\/blog\/wp-content\/uploads\/2018\/05\/facebook-tindera-rakip-oluyor.png\" alt=\"Facebook, Tinder\u2019a Rakip Oluyor!\" width=\"696\" height=\"348\" \/><\/p>\n<p><b>Facebook<\/b>\u2019un her y\u0131l d\u00fczenledi\u011fi geli\u015ftiriciler konferans\u0131 F8\u2019de <b>Mark <\/b><b>Zuckerberg<\/b>, Amerika\u2019da yap\u0131lan 3 evlilikten 1\u2019inin internette tan\u0131\u015fma sonucu ortaya \u00e7\u0131kt\u0131\u011f\u0131 bilgisini payla\u015ft\u0131 ve platformun yeni tan\u0131\u015fma hizmeti \u201c<b>Dating<\/b>\u201di duyurdu. Zuckerberg, Facebook&#8217;un yeni arkada\u015fl\u0131klar kurma konusunda uzman oldu\u011funu ve platformun bu nedenle tan\u0131\u015fma i\u00e7in en uygun mecra oldu\u011funu belirtti. Yeni \u00f6zelli\u011fin <b>Facebook<\/b>&#8216;un t\u00fcm hizmetlerinde oldu\u011fu gibi \u00fccretsiz olaca\u011f\u0131 da a\u00e7\u0131kland\u0131.<\/p>\n<p><b>Facebook algoritmas\u0131 <\/b>potansiyel talipleri tercihlere, ortak be\u011fenilere ve ortak arkada\u015flara g\u00f6re belirleyip e\u015fle\u015ftirecek. \u00c7e\u015fitli etkinlikler s\u0131ras\u0131nda \u00f6rne\u011fin, bir konserde profiliniz etkin olabilecek ve ayn\u0131 konserde yer alan potansiyel taliplerinizi g\u00f6r\u00fcnt\u00fcleyebileceksiniz. <b>Tan\u0131\u015fma hizmetinin<\/b> test edilmesine bu y\u0131l ba\u015flanacak ve hedef reklamlar i\u00e7in payla\u015f\u0131lan bilgiler kullan\u0131lmayacak.<\/p>\n<hr \/>\n<h2>Kad\u0131na \u015eiddet\u2019e Meksika Sokaklar\u0131ndan Yarat\u0131c\u0131 \u00c7\u00f6z\u00fcm<\/h2>\n<p><img class=\"alignnone size-full wp-image-4675\" src=\"https:\/\/egegen.com\/blog\/wp-content\/uploads\/2018\/05\/kadina-siddete-meksika-sokaklarindan-yaratici-cozum.png\" alt=\"Kad\u0131na \u015eiddet\u2019e Meksika Sokaklar\u0131ndan Yarat\u0131c\u0131 \u00c7\u00f6z\u00fcm\" width=\"1311\" height=\"594\" \/><\/p>\n<p><b>Kad\u0131na \u015fiddetin yayg\u0131n olarak ya\u015fand\u0131\u011f\u0131 Meksika<\/b>\u2019da g\u00fcnde ortalama 81 su\u00e7 i\u015fleniyor. Pedofili, kapka\u00e7, tecav\u00fcz, cinayet, ka\u00e7\u0131rma gibi say\u0131s\u0131z su\u00e7un i\u015flendi\u011fi \u00fclkede; bu su\u00e7lar\u0131n yaln\u0131zca %6&#8217;s\u0131 otoritelere bildiriliyor. Bu duruma kar\u015f\u0131 kay\u0131ts\u0131z kalmak istemeyen Meksika\u2019n\u0131n en b\u00fcy\u00fck otomobil g\u00fcvenlik \u015firketi <b>Tracking<\/b> <b>Systems<\/b><b> de <\/b><b>Mexica<\/b>, geli\u015ftirmi\u015f olduklar\u0131 proje ile sokaklar\u0131 kad\u0131nlar i\u00e7in daha g\u00fcvenli hale getirmek istiyor.<\/p>\n<p><b>StreetGuard<\/b> (Sokak Korumas\u0131) ad\u0131 verilen sistem, temel olarak kad\u0131n ve \u00e7ocuklar\u0131n yanlar\u0131nda ta\u015f\u0131yacaklar\u0131 ya da isterlerse k\u0131yafetlerine takabilecekleri bir acil durum d\u00fc\u011fmesinden olu\u015fuyor. Bahsi ge\u00e7en cihaz, ara\u00e7lar\u0131n \u00fczerine yerle\u015ftirilen sens\u00f6rler sayesinde <b>25 metre \u00e7ap\u0131ndaki t\u00fcm otomobillerin alarmlar\u0131n\u0131 aktif ederek<\/b> hayat kurtar\u0131c\u0131 olmay\u0131 ama\u00e7l\u0131yor.<\/p>\n<p>Sokakta park etmi\u015f durumdaki otomobilleri kad\u0131nlar i\u00e7in bir g\u00fcvenlik a\u011f\u0131na \u00e7eviren sistem, bu sayede bir kad\u0131n\u0131n tehlike sezdi\u011fi anda kolayl\u0131kla yard\u0131m isteyebilmesini ve tehlikeyi uzakla\u015ft\u0131rabilmesini sa\u011fl\u0131yor. Cihaz, tek ba\u015f\u0131na \u00e7al\u0131\u015ft\u0131\u011f\u0131ndan otomobilin i\u00e7 aksamlar\u0131n\u0131 hi\u00e7bir \u015fekilde etkilemiyor<\/p>\n<hr \/>\n<h2>Spotify\u2019dan Ekran G\u00f6r\u00fcnt\u00fcs\u00fc Alman\u0131za Gerek Kalmayacak<\/h2>\n<p><img class=\"alignnone size-full wp-image-4570\" src=\"https:\/\/egegen.com\/blog\/wp-content\/uploads\/2018\/05\/spotify-sarkilarinizi-instagram-hikayenizde-paylasin.png\" alt=\"Spotify \u015eark\u0131lar\u0131n\u0131z\u0131 Instagram Hikayenizde Payla\u015f\u0131n\" width=\"696\" height=\"348\" \/><\/p>\n<p>Bug\u00fcne dek<b>\u00a0<\/b><b>Spotify\u2019da<\/b> dinledi\u011finiz \u015fark\u0131lar\u0131<b>\u00a0<\/b>Instagram\u2019da payla\u015fmak istedi\u011finizde, ekran g\u00f6r\u00fcnt\u00fcs\u00fc al\u0131p payla\u015fmak durumundayd\u0131n\u0131z. Art\u0131k bunun i\u00e7in ekran g\u00f6r\u00fcnt\u00fcs\u00fc almaya gerek kalmayacak. Spotify\u2019a gelen yeni \u00f6zellik sayesinde kullan\u0131c\u0131lar, dinledikleri \u015fark\u0131y\u0131 <b>Instagram hikayeleri<\/b>nde payla\u015fmay\u0131 direkt olarak <b>Spotify<\/b> \u00fczerinden ger\u00e7ekle\u015ftirebilecekler. Spotify\u2019da dinledi\u011finiz \u015fark\u0131y\u0131 Instagram\u2019da hikayenizde payla\u015fmak istiyorsan\u0131z,\u00a0<i>\u201c<\/i>payla\u015f<i>\u201d<\/i> men\u00fcs\u00fcnde\u00a0<b>Instagram Hikayeler<\/b>\u00a0k\u0131sm\u0131na t\u0131klaman\u0131z yeterli olacak.<\/p>\n<p>\u015eark\u0131 hikayede payla\u015f\u0131l\u0131rken ne yaz\u0131k ki ses format\u0131 eklenmiyor. Fakat \u015fark\u0131y\u0131 merak edenler, ekran\u0131n sol k\u00f6\u015fesinde yer alan \u201c<b>Spotify\u2019da<\/b><b> Dinle<\/b>\u201d ibaresine t\u0131klayarak \u015fark\u0131y\u0131 dinleyebiliyor. Sportify bu hamlesiyle muhtemelen \u00fcye say\u0131s\u0131n\u0131 artt\u0131rmay\u0131 hedefliyor. \u00c7\u00fcnk\u00fc arkada\u015f\u0131n\u0131z\u0131n payla\u015ft\u0131\u011f\u0131 \u015fark\u0131y\u0131 Spotify\u2019dan dinleyebilmek i\u00e7in \u00fcye olman\u0131z gerekli.<\/p>\n<hr \/>\n<h2>McDonald\u2019s 50 Y\u0131l Sonraki Hayat\u0131m\u0131z\u0131 Anlat\u0131yor<\/h2>\n<p><iframe loading=\"lazy\" src=\"https:\/\/www.youtube-nocookie.com\/embed\/duPxWPbIUIM?controls=0\" width=\"100%\" height=\"400\" frameborder=\"0\" allowfullscreen=\"allowfullscreen\"><\/iframe><\/p>\n<p>Pop\u00fcler k\u00fclt\u00fcr\u00fcn bir par\u00e7as\u0131 haline gelen d\u00fcnyaca \u00fcnl\u00fc hamburgerin <b>Big<\/b><b> Mac\u2019in 50. ya\u015f\u0131n\u0131 kutlayan <\/b><b>McDonald\u2019s<\/b>, kampanya filminde bundan sonraki 50 y\u0131l\u0131n nas\u0131l olaca\u011f\u0131n\u0131 hayal ediyor.<\/p>\n<p>Reklam filmi, 50 y\u0131l sonra insanlar\u0131n hologram saatlerle uyanaca\u011f\u0131n\u0131, s\u0131k\u0131\u015ft\u0131r\u0131larak bloklar haline getirilmi\u015f tek lokmal\u0131k yiyecekler t\u00fcketece\u011fini, hava durumu ve saati ellerinin \u00fcst\u00fcne yans\u0131yan \u0131\u015f\u0131kl\u0131 bir g\u00f6stergeyle g\u00f6rebileceklerini, ba\u015flar\u0131n\u0131n \u00fcst\u00fcnde a\u00e7\u0131lan ve havada as\u0131l\u0131 kalan \u015femsiyeler kullanaca\u011f\u0131n\u0131, ofis ya\u015fant\u0131s\u0131n\u0131n daha da s\u0131k\u0131c\u0131 bir hal alaca\u011f\u0131n\u0131 \u00f6n g\u00f6r\u00fcyor. Filmin sonunda ise, 50 y\u0131l sonra tek de\u011fi\u015fmeyecek \u015feylerden birinin <b>Big<\/b><b> Mac <\/b>lezzeti olaca\u011f\u0131 vurgulan\u0131yor.<\/p>\n<hr \/>\n<h2>YouTube Spotify\u2019a Rakip Oluyor<\/h2>\n<p><img class=\"alignnone size-full wp-image-4639\" src=\"https:\/\/egegen.com\/blog\/wp-content\/uploads\/2018\/05\/youtube-spotifya-rakip-oluyor.png\" alt=\"YouTube, Spotify\u2019a Rakip Oluyor\" width=\"696\" height=\"348\" \/><\/p>\n<p>D\u00fcnyan\u0131n en pop\u00fcler video payla\u015f\u0131m platformu olan\u00a0YouTube, kullan\u0131c\u0131lar\u0131n kar\u015f\u0131s\u0131na iki yeni servisle \u00e7\u0131kmaya haz\u0131rlan\u0131yor. \u0130lk servis platformun yeni \u00e7evrimi\u00e7i m\u00fczik servisi\u00a0olacak <b>YouTube<\/b><b> Music<\/b>,\u00a0Spotify modeline benzer \u015fekilde hem \u00fccretli hem de \u00fccretsiz olarak kullan\u0131ma sunulacak. \u0130kinci olarak YouTube Red\u2019in yerini alacak <b>YouTube<\/b><b> Premium,<\/b> m\u00fczik uygulamas\u0131n\u0131n yan\u0131 s\u0131ra kullan\u0131c\u0131lara orijinal video i\u00e7erikleri sunacak.<\/p>\n<p><b>YouTube<\/b> <b>Music\u2019<\/b>in ayda 9,99 dolar kar\u015f\u0131l\u0131\u011f\u0131nda kullan\u0131labilecek olan versiyonu ise\u00a0YouTube Music Premium olarak adland\u0131r\u0131lacak. Hem masa\u00fcst\u00fcnde hem de mobilde \u00e7al\u0131\u015facak uygulamalara sahip olacak olan\u00a0YouTube Music, \u015fark\u0131 \u00f6nerileri i\u00e7in Google\u2019\u0131n\u00a0yapay<b>\u00a0<\/b>zeka<b>\u00a0<\/b>teknolojilerini kullanacak. \u0130lk etapta ABD,\u00a0Avustralya,\u00a0Yeni Zelanda, Meksika\u00a0ve\u00a0G\u00fcney Kore\u00a0\u00fclkeleri i\u00e7in kullan\u0131ma sunulacak platformun T\u00fcrkiye\u00a0i\u00e7in ne zaman sunulaca\u011f\u0131 hen\u00fcz belli de\u011fil.<\/p>\n<hr \/>\n<p>FIFA\u2019y\u0131 S\u00fct \u0130\u00e7erek \u0130zlemeye Ne Dersiniz?<\/p>\n<p><iframe loading=\"lazy\" src=\"https:\/\/player.vimeo.com\/video\/264983494\" width=\"100%\" height=\"400\" frameborder=\"0\" allowfullscreen=\"allowfullscreen\"><\/iframe><\/p>\n<p><b>FIFA D\u00fcnya Kupas\u0131 <\/b>bu y\u0131l Rusya\u2019da d\u00fczenleniyor. Turnuvadaki ma\u00e7lar, Rusya saatiyle \u00f6\u011fleden sonra ve ak\u015fam saatlerinde oynanacak fakat saat farkl\u0131 nedeniyle d\u00fcnyan\u0131n bir\u00e7ok \u00fclkesindeki futbolseverler, ma\u00e7lar\u0131 sabah ya da gece ge\u00e7 saatlerde izlemek zorunda kalacak. Rusya ile aras\u0131nda sekiz saat fark bulunan Meksika\u2019da ma\u00e7lar sabah saatlerine denk gelecek.<\/p>\n<p>Ma\u00e7 izlerken bir \u015feyler i\u00e7menin vazge\u00e7ilmez bir al\u0131\u015fkanl\u0131k oldu\u011funun fark\u0131nda olan s\u00fct markas\u0131 <b>Lala<\/b> ise Rusya ile Meksika aras\u0131ndaki saat fark\u0131n\u0131 lehine \u00e7eviren bir kampanyaya imza at\u0131yor ve\u00a0<b>FIFA D\u00fcnya Kupas\u0131<\/b> heyecan\u0131n\u0131 ekranlar\u0131 ba\u015f\u0131nda ya\u015fayacak olan Meksikal\u0131 futbolseverlere e\u011flenceli reklam filmiyle lezzetli bir alternatif sunuyor.<\/p>\n<hr \/>\n<h2>IKEA\u2019n\u0131n Uyku Getiren Bas\u0131l\u0131 Reklam Kampanyas\u0131<\/h2>\n<p><img class=\"alignnone size-full wp-image-4676\" src=\"https:\/\/egegen.com\/blog\/wp-content\/uploads\/2018\/05\/ikeanin-uyku-getiren-basili-reklam-kampanyasi.png\" alt=\"IKEA\u2019n\u0131n Uyku Getiren Bas\u0131l\u0131 Reklam Kampanyas\u0131\" width=\"928\" height=\"464\" \/><\/p>\n<p><b>IKEA<\/b>, uykuya dalmakta zorluk ya\u015fayan ki\u015filer i\u00e7in lavanta kokusu ve beyaz g\u00fcr\u00fclt\u00fc yayan bir bas\u0131l\u0131 reklam kampanyas\u0131 haz\u0131rlad\u0131. Uyku getiren bas\u0131l\u0131 reklam kampanyas\u0131 \u201c<b>#<\/b><b>IKEAS\u00d6MNIG\u201di<\/b> haz\u0131rlamak i\u00e7in yap\u0131lan bir ara\u015ft\u0131rman\u0131n sonu\u00e7lar\u0131ndan yararlan\u0131ld\u0131. Bu ara\u015ft\u0131rmaya g\u00f6re; Birle\u015fik Arap Emirlikleri\u2019ndeki her 10 ki\u015fiden 9\u2019unun uyku problemleri ya\u015fad\u0131\u011f\u0131 i\u00e7in geceleri 8 saat boyunca uyuyamad\u0131\u011f\u0131 ortaya \u00e7\u0131kt\u0131.<\/p>\n<p>Kaliteli bir gece uykusu uyuyabilmek i\u00e7in haz\u0131rlanan reklam\u0131 <b>IKEA<\/b> katalo\u011fundan ay\u0131rmak, a\u00e7mak ve yata\u011f\u0131n ba\u015fucuna yerle\u015ftirmek yeterli. Uykuya dalmay\u0131 kolayla\u015ft\u0131ran beyaz g\u00fcr\u00fclt\u00fc (white noise) frekans\u0131 yayan <b>S\u00d6MNIG<\/b>, ayn\u0131 zamanda kullan\u0131lan m\u00fcrekkep sayesinde kaslar\u0131 gev\u015feten ve kalp at\u0131\u015f h\u0131z\u0131n\u0131 d\u00fc\u015f\u00fcren lavanta kokusu da yay\u0131yor.<\/p>\n<hr \/>\n<p>G\u00fcne\u015fi G\u00f6ren K\u0131yafetlere Yaz Geliyor<\/p>\n<p><iframe loading=\"lazy\" src=\"https:\/\/www.youtube-nocookie.com\/embed\/_g7GGKpQMno?controls=0\" width=\"100%\" height=\"400\" frameborder=\"0\" allowfullscreen=\"allowfullscreen\"><\/iframe><\/p>\n<p><b>Macy&#8217;s<\/b> \u0130lkbahar-Yaz koleksiyonunu duyuran filminde, \u00fczerlerine d\u00fc\u015fen g\u00fcne\u015f \u0131\u015f\u0131\u011f\u0131yla birlikte k\u0131\u015fl\u0131k giysilerinden kurtulan kad\u0131nlar\u0131 ekrana getiriyor.<\/p>\n<p>Yaz\u0131n geli\u015fiyle beraber kal\u0131n, koyu renkli k\u0131\u015fl\u0131k giysiler yerini tiril tiril, u\u00e7u\u015fan, hafif k\u0131yafetlere b\u0131rak\u0131yor. \u201c<b>Spotlight<\/b>\u201d isimli Macy\u2019s filmi de tam olarak bu d\u00f6n\u00fc\u015f\u00fcm\u00fc anlat\u0131yor. Filmde g\u00f6rd\u00fc\u011f\u00fcm\u00fcz k\u0131\u015fl\u0131k giysiler i\u00e7erisindeki kad\u0131nlar \u00fczerlerine d\u00fc\u015fen g\u00fcne\u015f \u0131\u015f\u0131\u011f\u0131yla birlikte kendilerinin yaz haline ge\u00e7iyor.<\/p>\n<hr \/>\n<h2>\u015eehir \u0130simlerinin Anlamlar\u0131n\u0131 G\u00f6steren Harita<\/h2>\n<p><img class=\"alignnone size-full wp-image-4677\" src=\"https:\/\/egegen.com\/blog\/wp-content\/uploads\/2018\/05\/sehir-isimlerinin-anlamlarini-gosteren-harita.png\" alt=\"\u015eehir \u0130simlerinin Anlamlar\u0131n\u0131 G\u00f6steren Harita\" width=\"928\" height=\"464\" \/><\/p>\n<p>\u015eehirleri genellikle o \u015fehri kuranlar ya da sonradan oray\u0131 ele ge\u00e7irenler isimlendirmi\u015f, birden fazla k\u00fclt\u00fcrde yer edinen \u015fehirler ise birden fazla isimle an\u0131l\u0131r olmu\u015ftur. <b>On <\/b><b>the<\/b> <b>Go<\/b> <b>Tours<\/b> adl\u0131 seyahat sitesi isimlerin anlamlar\u0131n\u0131 inceleyerek d\u00fcnyadaki <b>191 \u00f6nemli \u015fehrin <\/b>ad\u0131n\u0131n anlam\u0131n\u0131 i\u00e7eren etkile\u015fimli bir harita haz\u0131rlam\u0131\u015f. Bu 191 \u015fehri isminin anlam\u0131na g\u00f6re <b>6 kategoriye<\/b> ay\u0131rm\u0131\u015f. Bu kategoriler ad\u0131n\u0131 bir insandan almak, do\u011fadan almak, hayvandan almak, hislerden almak, insanlar taraf\u0131ndan yap\u0131lan eylemden almak, di\u011fer kavramlardan almak.<\/p>\n<p><strong>Haritada yer alan bilgilere g\u00f6re;<\/strong><\/p>\n<ul>\n<li>Afganistan\u2019\u0131n bir \u015fehri olan <b>Kandahar<\/b> ad\u0131n\u0131 <b>B\u00fcy\u00fck \u0130skender\u2019den,<\/b><\/li>\n<li>Almanya\u2019n\u0131n ba\u015fkenti <b>Berlin<\/b> ad\u0131n\u0131 <b>batakl\u0131ktan<\/b><\/li>\n<li>Uzak Do\u011fu \u00fclkesi olan <b>Singapur<\/b> ad\u0131n\u0131 <b>aslandan<\/b><\/li>\n<li>T\u00fcrkmenistan\u2019\u0131n ba\u015fkenti <b>A\u015fkabat<\/b> ad\u0131n\u0131 <b>a\u015fk \u015fehrinden<\/b><\/li>\n<li>Hindistan\u2019\u0131n ba\u015fkenti <b>Delhi<\/b> ad\u0131n\u0131 <b>itibar<\/b><\/li>\n<li>Japonya\u2019n\u0131n ba\u015fkenti <b>Tokyo<\/b> ad\u0131n\u0131 <b>Do\u011fudaki ba\u015fkent unvan\u0131ndan<\/b> alm\u0131\u015f.<\/li>\n<\/ul>\n<hr \/>\n<p>Gelecekte Denizler Nas\u0131l G\u00f6r\u00fcnecek?<\/p>\n<p><iframe loading=\"lazy\" src=\"https:\/\/www.youtube-nocookie.com\/embed\/sjU5i98nx74?controls=0\" width=\"100%\" height=\"400\" frameborder=\"0\" allowfullscreen=\"allowfullscreen\"><\/iframe><\/p>\n<p><b>Greenpeace<\/b> yeni filminde okyanuslardaki plastik at\u0131k sorununa de\u011finmek i\u00e7in bir grup \u00e7ocu\u011fun akvaryum ziyareti \u00fczerinden d\u00fcnyam\u0131z\u0131n ger\u00e7e\u011fini \u00e7arp\u0131c\u0131 bir \u015fekilde ele al\u0131yor.<\/p>\n<p>Okyanus ve denizlerdeki\u00a0<b>plastik at\u0131k\u00a0sorunu <\/b>\u00f6zellikle \u00e7evre kurulu\u015flar\u0131n\u0131n en \u00e7ok e\u011fildi\u011fi konulardan biri. Do\u011fada \u00e7\u00f6z\u00fcnmesi y\u00fczy\u0131llar alan plasti\u011fin vah\u015fi ya\u015fama verdi\u011fi zarar y\u0131k\u0131c\u0131 boyutlarda. Bu plastik at\u0131\u011f\u0131n bir k\u0131sm\u0131 da s\u00fcper market al\u0131\u015fveri\u015flerimizde kulland\u0131\u011f\u0131m\u0131z naylon torbalardan kaynakl\u0131.<\/p>\n<p><b>Greenpeace<\/b>\u2019in son filmi de insanlar\u0131 ve marketleri plastik torba ve ambalaj kullan\u0131m\u0131 konusunda bilin\u00e7lendirmeyi ama\u00e7l\u0131yor. Kampanya, \u00f6nlem al\u0131nmad\u0131\u011f\u0131 takdirde \u00e7ocuklar\u0131m\u0131za b\u0131rakaca\u011f\u0131m\u0131z d\u00fcnyaya \u00e7arp\u0131c\u0131 bir \u015fekilde anlat\u0131yor.<\/p>\n<hr \/>\n<h2>KFC\u2019nin Kraliyet D\u00fc\u011f\u00fcn\u00fc Kovas\u0131<\/h2>\n<p><img class=\"alignnone size-full wp-image-4678\" src=\"https:\/\/egegen.com\/blog\/wp-content\/uploads\/2018\/05\/kfcnin-kraliyet-du\u011funu-kovasi.png\" alt=\"KFC\u2019nin Kraliyet D\u00fc\u011f\u00fcn\u00fc Kovas\u0131\" width=\"928\" height=\"464\" \/><\/p>\n<p><b>Kraliyet d\u00fc\u011f\u00fcn\u00fc<\/b>, d\u00fcnya g\u00fcndemini me\u015fgul ededursun markalar da f\u0131rsat\u0131 de\u011ferlendirmekten ka\u00e7\u0131nm\u0131yor. Meghan Markle\u2019\u0131n Prens Harry\u2019nin kendisine \u0131zgara tavuk e\u015fli\u011finde evlenme teklifi etti\u011fini anlatmas\u0131 \u00fczerine tavuk diyince akla gelen ilk markalardan olan\u00a0<b>KFC<\/b> de bu f\u0131rsat\u0131 de\u011ferlendirmeden ge\u00e7medi. <b>Kraliyet <\/b><b>D\u00fc\u011f\u00fcn\u00fc\u2019ne<\/b> \u00f6zel haz\u0131rlad\u0131\u011f\u0131 porselen kova ile <b>Royal<\/b> <b>Wedding<\/b> r\u00fczgar\u0131na kat\u0131ld\u0131.<\/p>\n<p>\u201c<b>Kentucky <\/b><b>Fine<\/b> <b>China<\/b>\u201d bildi\u011fimiz KFC kovas\u0131n\u0131n porselen versiyonu. \u0130ngiliz porselen \u00fcreticisi <b>Milton<\/b> <b>China<\/b> taraf\u0131ndan elle \u00fcretildi. Kovada ayn\u0131 zamanda 22 karatl\u0131k alt\u0131n kenar bulunuyor. Kovan\u0131n arkas\u0131nda ise Amerikan bayra\u011f\u0131yla \u0130ngiltere bayraklar\u0131ndan olu\u015fan bir arma g\u00f6r\u00fcl\u00fcyor. Bunun yan\u0131 s\u0131ra KFC logosu ve <b>Colonel<\/b> <b>Sanders<\/b> \u00e7izimi de yer al\u0131yor. Sadece 25 adet \u00fcretilen bu \u00f6zel <b>KFC<\/b> kovalar\u0131, KFC\u2019nin <b>sadakat program\u0131 <\/b>olan \u201c<b>Colonel<\/b><b> Club<\/b>\u201d \u00fcyelerine \u00f6zel bir yar\u0131\u015fmayla Pazar g\u00fcn\u00fc sahiplerini buldu.<\/p>\n<hr \/>\n<h2>Play-Doh ile Yeniden Yarat\u0131lan \u00dcnl\u00fc Foto\u011fraflar<\/h2>\n<p><img class=\"alignnone size-full wp-image-4679\" src=\"https:\/\/egegen.com\/blog\/wp-content\/uploads\/2018\/05\/play-doh-ile-yeniden-yaratilan-unlu-fotograflar.png\" alt=\"Play-Doh ile Yeniden Yarat\u0131lan \u00dcnl\u00fc Foto\u011fraflar\" width=\"928\" height=\"464\" \/><\/p>\n<p>Sanat\u00e7\u0131 <b>Eleanor<\/b> <b>Macnair<\/b>, \u00fcnl\u00fc foto\u011fraf\u00e7\u0131lar\u0131n karelerini belli bir \u00e7at\u0131da topluyor ve onlar\u0131 yeniden <b>Play-<\/b><b>Doh<\/b>&#8216;la yaratarak foto\u011frafl\u0131yor.<\/p>\n<p><b>Play-<\/b><b>Doh<\/b>\u00a0ya\u015f\u0131m\u0131z ne olursa olsun bizi e\u011flendiren, hayallerimizi besleyen bir oyuncak. Marka kendi reklamlar\u0131nda da s\u0131k\u00e7a bu temay\u0131 benimsiyor. Eleanor Macnair, Play-Doh foto\u011fraflar\u0131na 2014 y\u0131l\u0131nda ba\u015flam\u0131\u015f. O g\u00fcnden bu yana yeniden yorumlad\u0131\u011f\u0131 foto\u011fraflar\u0131n\u0131 \u201c<b>Sofas<\/b><b>, <\/b><b>Birds<\/b> <b>and<\/b> <b>Knees<\/b>\u201d, ad\u0131ndaki foto\u011fraf sergisinde sergiliyor.<\/p>\n<hr \/>\n<h2>Kay\u0131p \u0130nsanlar\u0131 Bulal\u0131m<\/h2>\n<p><img class=\"alignnone size-full wp-image-4680\" src=\"https:\/\/egegen.com\/blog\/wp-content\/uploads\/2018\/05\/kayip-insanlari-bulal\u0131m.png\" alt=\"Kay\u0131p \u0130nsanlar\u0131 Bulal\u0131m\" width=\"928\" height=\"464\" \/><\/p>\n<p><b>Hindistan<\/b>\u2019da \u00e7ocuklar\u0131n kaybolmas\u0131 s\u0131k rastlanan ciddi bir problem. \u00dclkede aranan \u00e7ocuklarla, devlet korumas\u0131 alt\u0131ndaki kimli\u011fi bilinmeyen \u00e7ocuklar\u0131 tek tek kar\u015f\u0131la\u015ft\u0131rmak olduk\u00e7a zor bir i\u015f. Ancak <b>y\u00fcz tan\u0131ma teknolojisi <\/b>sayesinde sadece 4 g\u00fcnl\u00fck bir \u00e7al\u0131\u015fmayla yakla\u015f\u0131k 3 bin kay\u0131p \u00e7ocuk bulundu.<\/p>\n<p>Hen\u00fcz deneme a\u015famas\u0131ndaki program\u0131n gelecekte Hindistan\u2019\u0131n di\u011fer b\u00f6lgelerinde de\u00a0kullan\u0131lmas\u0131 planlan\u0131yor.<\/p>\n<p>Benzer bir y\u00f6ntemi Avustralya\u2019da faaliyet g\u00f6steren bir sivil toplum kurulu\u015fu da izliyor.\u00a0<b>MPAN<\/b> (Kay\u0131p Ki\u015filer i\u00e7in Eylem A\u011f\u0131) adl\u0131 kurulu\u015f,\u00a0<b>Invisible<\/b> <b>Friends<\/b> (G\u00f6r\u00fcnmez Arkada\u015flar) adl\u0131 bir program ba\u015flatt\u0131. Program dahilinde, kay\u0131p ki\u015filer i\u00e7in Facebook profilleri a\u00e7\u0131ld\u0131 ve ba\u015fkalar\u0131n\u0131n y\u00fckledi\u011fi halka a\u00e7\u0131k foto\u011fraflarda bu ki\u015filerin y\u00fcz\u00fcn\u00fcn alg\u0131lanmas\u0131 halinde bildirim gelmesi i\u00e7in gerekli ayarlar yap\u0131ld\u0131. Art\u0131k kay\u0131p ki\u015filer herhangi bir Facebook kullan\u0131c\u0131s\u0131n\u0131n y\u00fckledi\u011fi foto\u011fraf\u0131n arka plan\u0131nda bile tespit edilse Facebook bu foto\u011fraf\u0131 etiketlemek i\u00e7in bildirim g\u00f6nderiyor. B\u00f6ylece <b>MPAN<\/b> yetkilileri, kay\u0131p ki\u015finin ne zaman nerede g\u00f6r\u00fcld\u00fc\u011f\u00fcn\u00fc tespit edebiliyor.<\/p>\n<hr \/>\n<h2>Elektriksiz \u00c7ama\u015f\u0131r Makinesi: Drumi<\/h2>\n<p><iframe loading=\"lazy\" src=\"https:\/\/www.youtube-nocookie.com\/embed\/o424IWJB66g?controls=0\" width=\"100%\" height=\"400\" frameborder=\"0\" allowfullscreen=\"allowfullscreen\"><\/iframe><\/p>\n<p>Gerek s\u00fcrd\u00fcr\u00fclebilirlik ad\u0131na gerekse d\u00fcnyan\u0131n elektrik olmayan b\u00f6lgelerine fayda sa\u011flamak amac\u0131yla <b>elektriksiz \u00e7al\u0131\u015fan \u00fcr\u00fcnler <\/b>s\u0131k s\u0131k g\u00fcndeme geliyor. Bu do\u011frultuda elektriksiz klima, elektriksiz buzdolab\u0131 gibi \u00fcr\u00fcnler \u00fcretiliyor.<\/p>\n<p><b>Elektriksiz \u00fcr\u00fcn kullanma <\/b>amac\u0131yla bu kez elektriksiz bir \u00e7ama\u015f\u0131r makinesi \u00fcretildi. Kanadal\u0131 \u015firket\u00a0<b>Yirego<\/b>\u2019nun \u00fcretti\u011fi \u00e7evre dostu \u00e7ama\u015f\u0131r makinesi <b>Drumi<\/b>, tamamen insan g\u00fcc\u00fcyle \u00e7al\u0131\u015f\u0131yor. Bir defada yakla\u015f\u0131k 2,3 kg \u00e7ama\u015f\u0131r y\u0131kayabiliyorsunuz. \u00c7ama\u015f\u0131rlar\u0131n\u0131z\u0131 y\u0131kamak i\u00e7in 3-5 dakika boyunca pedal\u0131na basman\u0131z\u0131n yeterli oldu\u011fu, buna ek olarak durulama i\u00e7in 1-2 dakika ve s\u0131kma i\u00e7in de 30 saniye daha \u00e7al\u0131\u015ft\u0131rman\u0131z gerekti\u011fi belirtilmi\u015f. \u00c7ama\u015f\u0131r miktar\u0131na g\u00f6re 6-12 litre su 3-5 ml deterjan kullan\u0131lmas\u0131 \u00f6nerilmi\u015f. Otomobilinizin bagaj\u0131na atarak diledi\u011finiz yere g\u00f6t\u00fcrebilece\u011finiz bir cihaz.<\/p>\n<p><b>Elektriksiz \u00e7ama\u015f\u0131r makinesi <\/b><b>Drumi<\/b>; tesisat gerektirmeyen, \u00e7evre dostu ve ta\u015f\u0131nabilir bir alternatif olarak bu yaz sat\u0131\u015fa sunulacak.<\/p>\n<hr \/>\n<h2>Hat\u0131rlayamad\u0131\u011f\u0131n\u0131z R\u00fcyalar\u0131 Kaydedebilirsiniz<\/h2>\n<p><img class=\"alignnone size-full wp-image-4681\" src=\"https:\/\/egegen.com\/blog\/wp-content\/uploads\/2018\/05\/hatirlayamadiginiz-ruyalari-kaydedebilirsiniz.png\" alt=\"Hat\u0131rlayamad\u0131\u011f\u0131n\u0131z R\u00fcyalar\u0131 Kaydedebilirsiniz\" width=\"928\" height=\"464\" \/><\/p>\n<p><b>MIT<\/b> ara\u015ft\u0131rmac\u0131lar\u0131, insanlar\u0131n uykuya dalmadan hemen \u00f6nce ak\u0131llar\u0131ndan ge\u00e7en fikirleri kaydetmek i\u00e7in <b>Dormio<\/b> adl\u0131 bir sistem geli\u015ftirdi.<\/p>\n<p>\u0130nsanlar uykuya dalarken bilinci kapanmadan \u00f6nce mant\u0131kl\u0131 d\u00fc\u015f\u00fcnme yetene\u011fi ve bili\u015fsel filtreleri ortadan kalk\u0131yor.\u00a0<b>Hipnopompi<\/b> ad\u0131 verilen uyku ve uyan\u0131kl\u0131k aras\u0131 bu a\u015famada akl\u0131m\u0131za yarat\u0131c\u0131 fikirler geliyor ancak bu a\u015famadan sonra derin uykuya ge\u00e7ti\u011fimiz i\u00e7in bu fikirleri unutuyoruz. <b>Tesla<\/b> ve <b>Poe<\/b> gibi dahiler, bu yarat\u0131c\u0131 a\u015famadan faydalanabilmek i\u00e7in yata\u011fa uzan\u0131p ellerine \u00e7elik bir top al\u0131yorlard\u0131. B\u00f6ylece uykuya dalmak \u00fczereyken top ellerinden d\u00fc\u015f\u00fcyor, sesle uyan\u0131nca da d\u00fc\u015f\u00fcnd\u00fckleri fikirleri ka\u011f\u0131da d\u00f6k\u00fcyorlard\u0131.<\/p>\n<p><b>\u00a0<\/b><b>Dormio<\/b>, g\u00fcn\u00fcm\u00fcz teknolojisinden faydalanarak bu i\u015flemi uyanmaya gerek kalmadan ger\u00e7ekle\u015ftiriyor. Ki\u015finin eline ge\u00e7irilen alg\u0131lay\u0131c\u0131larla kalp\u0131 bir eldiven, nabz\u0131, kas hareketlerini ve deri iletkenli\u011fini \u00f6l\u00e7\u00fcyor. Ki\u015fi dikkatini sisteme verdikten sonra bir ak\u0131ll\u0131 telefon uygulamas\u0131 arac\u0131l\u0131\u011f\u0131yla uyuyan ki\u015fiye sorular soruluyor ve o s\u0131rada akl\u0131ndan ge\u00e7enleri anlatmas\u0131 isteniyor. Uygulamaya kaydedilen bu konu\u015fma daha sonra dinlenebiliyor.<\/p>\n<hr \/>\n<h2>Brezilya\u2019da Y\u00fcz Tan\u0131ma Sistemiyle Tepki \u00d6l\u00e7en Reklam Panolar\u0131 Uygulamas\u0131<\/h2>\n<p><img class=\"alignnone size-full wp-image-4682\" src=\"https:\/\/egegen.com\/blog\/wp-content\/uploads\/2018\/05\/brezilyada-yuz-tanima-sistemiyle-tepki-olcen-reklam-panolari-uygulamasi.png\" alt=\"Brezilya\u2019da Y\u00fcz Tan\u0131ma Sistemiyle Tepki \u00d6l\u00e7en Reklam Panolar\u0131 Uygulamas\u0131\" width=\"928\" height=\"464\" \/><\/p>\n<p><b>Brezilya<\/b>&#8216;da metro giri\u015fine yerle\u015ftirilen <b>y\u00fcz tan\u0131ma \u00f6zelli\u011fine sahip ekranlar<\/b>, ki\u015fisel verilerin gizlili\u011fi ve emniyeti bak\u0131m\u0131ndan endi\u015fe yarat\u0131yor.<\/p>\n<p>Sao Paolo\u2019da bir metro hatt\u0131nda, metro giri\u015fine yerle\u015ftirilen y\u00fcz tan\u0131ma nitelikli ekranlar, <b>ki\u015fisel veri ve gizlilik <\/b>bak\u0131m\u0131ndan ciddi endi\u015felere sebep oldu. Ekran bir yandan bu reklamlar\u0131 g\u00f6sterirken, \u00f6b\u00fcr yandan da her g\u00fcn bu hatt\u0131 kullanan yakla\u015f\u0131k <b>700.000<\/b> yolcunun tepkilerini sens\u00f6rleri vas\u0131tas\u0131yla alg\u0131layarak kaydediyor.<\/p>\n<p>Y\u00fcz reaksiyonlar\u0131 <b>mutlu, tatminsiz, \u015fa\u015f\u0131rm\u0131\u015f<\/b> ve <b>n\u00f6tr<\/b> olarak kategorize edilmi\u015f. \u0130nsanlar\u0131n reklamlara olan tepkilerini izlemenin yan\u0131nda, her yolcunun cinsiyetini ve ya\u015f\u0131n\u0131 da yakla\u015f\u0131k olarak tahmin edebiliyor. \u015eu anda <b>Brezilya<\/b>\u2019da, ki\u015fisel bilgilerin bu bi\u00e7imde (kamusal alanda y\u00fcz tan\u0131ma vas\u0131tas\u0131 ile) toplanmas\u0131n\u0131 ya da kullan\u0131lmas\u0131n\u0131 engelleyen\u00a0hi\u00e7bir yasa yok. Brezilya Ulusal Kongresi, &#8216;ki\u015fisel verilerin korunmas\u0131 kanununu&#8217; g\u00f6zden ge\u00e7iriyor ve yak\u0131n bir gelecekte daha \u00e7ok d\u00fczenlemeye gidilebilece\u011finin i\u015faretlerini veriyor<\/p>\n<hr \/>\n<h2>T\u00fcrkiye\u2019nin en yenilik\u00e7i kahve zinciri Espressolab&#8217;\u0131n ajans\u0131 egegen!<\/h2>\n<p>T\u00fcrkiye\u2019yle beraber yurt d\u0131\u015f\u0131ndaki 40 \u015fubesiyle <b>T\u00fcrkiye\u2019nin en b\u00fcy\u00fck 3.nesil kahve zinciri olan <\/b><b>Espressolab<\/b>, reklam \u00e7al\u0131\u015fmalar\u0131n\u0131 <b>egegen<\/b> ile y\u00fcr\u00fctmeye karar verdi.<\/p>\n<p>Butik ve en ileri kavurma ve pi\u015firme tekniklerinin kullan\u0131ld\u0131\u011f\u0131 \u00fcretim s\u00fcre\u00e7lerine dayal\u0131 en kaliteli \u00fcr\u00fcn\u00fc sunarak, third wave kahve ak\u0131m\u0131n\u0131n T\u00fcrkiye\u2019deki en ba\u015far\u0131l\u0131 temsilcilerinden biri olan <b>Espressolab<\/b> ile yap\u0131lan i\u015f birli\u011finde yarat\u0131c\u0131 kampanya olu\u015fturma, proje geli\u015ftirme, ileti\u015fim \u00e7al\u0131\u015fmalar\u0131, strateji dan\u0131\u015fmanl\u0131\u011f\u0131 alan\u0131ndaki t\u00fcm \u00e7al\u0131\u015fmalar\u0131 y\u00fcr\u00fcterek markaya 360 derece hizmet verece\u011fiz.<\/p>\n<blockquote class=\"instagram-media\" data-instgrm-captioned data-instgrm-permalink=\"https:\/\/www.instagram.com\/p\/Bi1KIbwDcoB\/?utm_source=ig_embed&amp;utm_campaign=loading\" data-instgrm-version=\"12\" style=\" background:#FFF; border:0; border-radius:3px; box-shadow:0 0 1px 0 rgba(0,0,0,0.5),0 1px 10px 0 rgba(0,0,0,0.15); margin: 1px; max-width:500px; min-width:326px; padding:0; width:99.375%; width:-webkit-calc(100% - 2px); width:calc(100% - 2px);\">\n<div style=\"padding:16px;\"> <a href=\"https:\/\/www.instagram.com\/p\/Bi1KIbwDcoB\/?utm_source=ig_embed&amp;utm_campaign=loading\" style=\" background:#FFFFFF; line-height:0; padding:0 0; text-align:center; text-decoration:none; width:100%;\" target=\"_blank\"> <\/p>\n<div style=\" display: flex; flex-direction: row; align-items: center;\">\n<div style=\"background-color: #F4F4F4; border-radius: 50%; flex-grow: 0; height: 40px; margin-right: 14px; width: 40px;\"><\/div>\n<div style=\"display: flex; flex-direction: column; flex-grow: 1; justify-content: center;\">\n<div style=\" background-color: #F4F4F4; border-radius: 4px; flex-grow: 0; height: 14px; margin-bottom: 6px; width: 100px;\"><\/div>\n<div style=\" background-color: #F4F4F4; border-radius: 4px; flex-grow: 0; height: 14px; width: 60px;\"><\/div>\n<\/div>\n<\/div>\n<div style=\"padding: 19% 0;\"><\/div>\n<div style=\"display:block; height:50px; margin:0 auto 12px; width:50px;\"><svg width=\"50px\" height=\"50px\" viewBox=\"0 0 60 60\" version=\"1.1\" xmlns=\"https:\/\/www.w3.org\/2000\/svg\" xmlns:xlink=\"https:\/\/www.w3.org\/1999\/xlink\"><g stroke=\"none\" stroke-width=\"1\" fill=\"none\" fill-rule=\"evenodd\"><g transform=\"translate(-511.000000, -20.000000)\" fill=\"#000000\"><g><path d=\"M556.869,30.41 C554.814,30.41 553.148,32.076 553.148,34.131 C553.148,36.186 554.814,37.852 556.869,37.852 C558.924,37.852 560.59,36.186 560.59,34.131 C560.59,32.076 558.924,30.41 556.869,30.41 M541,60.657 C535.114,60.657 530.342,55.887 530.342,50 C530.342,44.114 535.114,39.342 541,39.342 C546.887,39.342 551.658,44.114 551.658,50 C551.658,55.887 546.887,60.657 541,60.657 M541,33.886 C532.1,33.886 524.886,41.1 524.886,50 C524.886,58.899 532.1,66.113 541,66.113 C549.9,66.113 557.115,58.899 557.115,50 C557.115,41.1 549.9,33.886 541,33.886 M565.378,62.101 C565.244,65.022 564.756,66.606 564.346,67.663 C563.803,69.06 563.154,70.057 562.106,71.106 C561.058,72.155 560.06,72.803 558.662,73.347 C557.607,73.757 556.021,74.244 553.102,74.378 C549.944,74.521 548.997,74.552 541,74.552 C533.003,74.552 532.056,74.521 528.898,74.378 C525.979,74.244 524.393,73.757 523.338,73.347 C521.94,72.803 520.942,72.155 519.894,71.106 C518.846,70.057 518.197,69.06 517.654,67.663 C517.244,66.606 516.755,65.022 516.623,62.101 C516.479,58.943 516.448,57.996 516.448,50 C516.448,42.003 516.479,41.056 516.623,37.899 C516.755,34.978 517.244,33.391 517.654,32.338 C518.197,30.938 518.846,29.942 519.894,28.894 C520.942,27.846 521.94,27.196 523.338,26.654 C524.393,26.244 525.979,25.756 528.898,25.623 C532.057,25.479 533.004,25.448 541,25.448 C548.997,25.448 549.943,25.479 553.102,25.623 C556.021,25.756 557.607,26.244 558.662,26.654 C560.06,27.196 561.058,27.846 562.106,28.894 C563.154,29.942 563.803,30.938 564.346,32.338 C564.756,33.391 565.244,34.978 565.378,37.899 C565.522,41.056 565.552,42.003 565.552,50 C565.552,57.996 565.522,58.943 565.378,62.101 M570.82,37.631 C570.674,34.438 570.167,32.258 569.425,30.349 C568.659,28.377 567.633,26.702 565.965,25.035 C564.297,23.368 562.623,22.342 560.652,21.575 C558.743,20.834 556.562,20.326 553.369,20.18 C550.169,20.033 549.148,20 541,20 C532.853,20 531.831,20.033 528.631,20.18 C525.438,20.326 523.257,20.834 521.349,21.575 C519.376,22.342 517.703,23.368 516.035,25.035 C514.368,26.702 513.342,28.377 512.574,30.349 C511.834,32.258 511.326,34.438 511.181,37.631 C511.035,40.831 511,41.851 511,50 C511,58.147 511.035,59.17 511.181,62.369 C511.326,65.562 511.834,67.743 512.574,69.651 C513.342,71.625 514.368,73.296 516.035,74.965 C517.703,76.634 519.376,77.658 521.349,78.425 C523.257,79.167 525.438,79.673 528.631,79.82 C531.831,79.965 532.853,80.001 541,80.001 C549.148,80.001 550.169,79.965 553.369,79.82 C556.562,79.673 558.743,79.167 560.652,78.425 C562.623,77.658 564.297,76.634 565.965,74.965 C567.633,73.296 568.659,71.625 569.425,69.651 C570.167,67.743 570.674,65.562 570.82,62.369 C570.966,59.17 571,58.147 571,50 C571,41.851 570.966,40.831 570.82,37.631\"><\/path><\/g><\/g><\/g><\/svg><\/div>\n<div style=\"padding-top: 8px;\">\n<div style=\" color:#3897f0; font-family:Arial,sans-serif; font-size:14px; font-style:normal; font-weight:550; line-height:18px;\"> View this post on Instagram<\/div>\n<\/div>\n<div style=\"padding: 12.5% 0;\"><\/div>\n<div style=\"display: flex; flex-direction: row; margin-bottom: 14px; align-items: center;\">\n<div>\n<div style=\"background-color: #F4F4F4; border-radius: 50%; height: 12.5px; width: 12.5px; transform: translateX(0px) translateY(7px);\"><\/div>\n<div style=\"background-color: #F4F4F4; height: 12.5px; transform: rotate(-45deg) translateX(3px) translateY(1px); width: 12.5px; flex-grow: 0; margin-right: 14px; margin-left: 2px;\"><\/div>\n<div style=\"background-color: #F4F4F4; border-radius: 50%; height: 12.5px; width: 12.5px; transform: translateX(9px) translateY(-18px);\"><\/div>\n<\/div>\n<div style=\"margin-left: 8px;\">\n<div style=\" background-color: #F4F4F4; border-radius: 50%; flex-grow: 0; height: 20px; width: 20px;\"><\/div>\n<div style=\" width: 0; height: 0; border-top: 2px solid transparent; border-left: 6px solid #f4f4f4; border-bottom: 2px solid transparent; transform: translateX(16px) translateY(-4px) rotate(30deg)\"><\/div>\n<\/div>\n<div style=\"margin-left: auto;\">\n<div style=\" width: 0px; border-top: 8px solid #F4F4F4; border-right: 8px solid transparent; transform: translateY(16px);\"><\/div>\n<div style=\" background-color: #F4F4F4; flex-grow: 0; height: 12px; width: 16px; transform: translateY(-4px);\"><\/div>\n<div style=\" width: 0; height: 0; border-top: 8px solid #F4F4F4; border-left: 8px solid transparent; transform: translateY(-4px) translateX(8px);\"><\/div>\n<\/div>\n<\/div>\n<p><\/a> <\/p>\n<p style=\" margin:8px 0 0 0; padding:0 4px;\"> <a href=\"https:\/\/www.instagram.com\/p\/Bi1KIbwDcoB\/?utm_source=ig_embed&amp;utm_campaign=loading\" style=\" color:#000; font-family:Arial,sans-serif; font-size:14px; font-style:normal; font-weight:normal; line-height:17px; text-decoration:none; word-wrap:break-word;\" target=\"_blank\">T\u00fcrkiye\u2019nin en yenilik\u00e7i kahve zinciri Espressolab\u2019in reklam ajans\u0131 egegen! Espressolab\u2019in kahve tutkusuyla \u00e7al\u0131\u015fma a\u015fk\u0131m\u0131z\u0131 birle\u015ftirerek t\u00fcm Pazartesi sendromlar\u0131n\u0131 yok etmek dile\u011fiyle; Ho\u015f geldin Espressolab! #egegen #espressolab #digital #agency #marketing #socialmedia #welcome #advertising #brand #creative #coffee #coffeelove @espressolabtr<\/a><\/p>\n<p style=\" color:#c9c8cd; font-family:Arial,sans-serif; font-size:14px; line-height:17px; margin-bottom:0; margin-top:8px; overflow:hidden; padding:8px 0 7px; text-align:center; text-overflow:ellipsis; white-space:nowrap;\">A post shared by <a href=\"https:\/\/www.instagram.com\/egegen\/?utm_source=ig_embed&amp;utm_campaign=loading\" style=\" color:#c9c8cd; font-family:Arial,sans-serif; font-size:14px; font-style:normal; font-weight:normal; line-height:17px;\" target=\"_blank\"> egegen<\/a> (@egegen) on <time style=\" font-family:Arial,sans-serif; font-size:14px; line-height:17px;\" datetime=\"2018-05-16T07:56:02+00:00\">May 16, 2018 at 12:56am PDT<\/time><\/p>\n<\/div>\n<\/blockquote>\n<p><script async src=\"\/\/www.instagram.com\/embed.js\"><\/script><\/p>\n","protected":false},"excerpt":{"rendered":"<p>Dijital d\u00fcnyada ya\u015fananlar\u0131, sosyal medya platformlar\u0131ndaki yenilikleri, dijital reklamc\u0131l\u0131\u011f\u0131n etkileyici \u00f6rneklerini ve bizden haberleri bulabilece\u011finiz\u00a0egegen Trend Raporu\u00a0sekizinci say\u0131s\u0131yla kar\u015f\u0131n\u0131zday\u0131z. Keyifli okumalar dileriz! Facebook\u2019a Tinder \u00d6zellikleri Gelece\u011fi A\u00e7\u0131kland\u0131 Facebook\u2019un her y\u0131l d\u00fczenledi\u011fi geli\u015ftiriciler konferans\u0131 F8\u2019de Mark Zuckerberg, Amerika\u2019da yap\u0131lan 3 evlilikten 1\u2019inin internette tan\u0131\u015fma sonucu ortaya \u00e7\u0131kt\u0131\u011f\u0131 bilgisini payla\u015ft\u0131 ve platformun yeni tan\u0131\u015fma hizmeti \u201cDating\u201di duyurdu. &hellip;<\/p>\n","protected":false},"author":20,"featured_media":4674,"comment_status":"open","ping_status":"open","sticky":false,"template":"","format":"standard","meta":[],"categories":[188],"tags":[],"_links":{"self":[{"href":"https:\/\/egegen.com\/blog\/wp-json\/wp\/v2\/posts\/4673"}],"collection":[{"href":"https:\/\/egegen.com\/blog\/wp-json\/wp\/v2\/posts"}],"about":[{"href":"https:\/\/egegen.com\/blog\/wp-json\/wp\/v2\/types\/post"}],"author":[{"embeddable":true,"href":"https:\/\/egegen.com\/blog\/wp-json\/wp\/v2\/users\/20"}],"replies":[{"embeddable":true,"href":"https:\/\/egegen.com\/blog\/wp-json\/wp\/v2\/comments?post=4673"}],"version-history":[{"count":2,"href":"https:\/\/egegen.com\/blog\/wp-json\/wp\/v2\/posts\/4673\/revisions"}],"predecessor-version":[{"id":8960,"href":"https:\/\/egegen.com\/blog\/wp-json\/wp\/v2\/posts\/4673\/revisions\/8960"}],"wp:featuredmedia":[{"embeddable":true,"href":"https:\/\/egegen.com\/blog\/wp-json\/wp\/v2\/media\/4674"}],"wp:attachment":[{"href":"https:\/\/egegen.com\/blog\/wp-json\/wp\/v2\/media?parent=4673"}],"wp:term":[{"taxonomy":"category","embeddable":true,"href":"https:\/\/egegen.com\/blog\/wp-json\/wp\/v2\/categories?post=4673"},{"taxonomy":"post_tag","embeddable":true,"href":"https:\/\/egegen.com\/blog\/wp-json\/wp\/v2\/tags?post=4673"}],"curies":[{"name":"wp","href":"https:\/\/api.w.org\/{rel}","templated":true}]}}