{"id":466,"date":"2015-08-31T10:00:08","date_gmt":"2015-08-31T07:00:08","guid":{"rendered":"https:\/\/egegen.com\/blog\/?p=466"},"modified":"2017-03-07T17:22:58","modified_gmt":"2017-03-07T14:22:58","slug":"instagram-hesabiniz-icin-gunde-20-dakika","status":"publish","type":"post","link":"https:\/\/egegen.com\/blog\/instagram-hesabiniz-icin-gunde-20-dakika\/","title":{"rendered":"Instagram Hesab\u0131n\u0131z \u0130\u00e7in G\u00fcnde 20 Dakika"},"content":{"rendered":"<p>Bir ajansta sosyal medya y\u00f6neticisiyseniz ya da kendi \u015firketinizin sosyal medya hesaplar\u0131n\u0131 y\u00f6netiyorsan\u0131z muhtemelen \u015firket blogu, Facebook, Twitter, Linkedin derken en son s\u0131raya Instagram\u2019\u0131 koymu\u015fsunuzdur. <!--more-->Baz\u0131 g\u00fcnler Instagram hesab\u0131n\u0131zla ilgilenmeye vaktinizin yetmedi\u011fi de olmu\u015ftur. Asl\u0131nda Instagram hesab\u0131 y\u00f6netimi i\u00e7in g\u00fcnl\u00fck sadece 20 dakikan\u0131n yeterli olaca\u011f\u0131n\u0131 s\u00f6ylesek ne d\u00fc\u015f\u00fcn\u00fcrs\u00fcn\u00fcz?<br \/>\nGelin bu 20 dakikay\u0131 nas\u0131l kullanaca\u011f\u0131n\u0131za bakal\u0131m<\/p>\n<p><strong>3 dakika: \u0130\u00e7erik Planlama<\/strong><br \/>\nT\u00fcm sosyal medya kanallar\u0131nda oldu\u011fu gibi Instagram\u2019da da i\u00e7erik devaml\u0131l\u0131\u011f\u0131 \u00f6nemlidir. D\u00fczensiz aral\u0131klarla foto\u011fraf payla\u015f\u0131rsan\u0131z takip\u00e7i kaybedersiniz. Kendinize bir i\u00e7erik takvimi haz\u0131rlay\u0131n. Bir sonraki hafta yay\u0131nlayaca\u011f\u0131n\u0131z g\u00f6rselleri d\u00fc\u015f\u00fcn\u00fcn ve takvime not al\u0131n. Bu planlamay\u0131 yaparsan\u0131z, payla\u015f\u0131m zaman\u0131 geldi\u011finde d\u00fc\u015f\u00fcnmekle vakit kaybetmez do\u011frudan payla\u015f\u0131mlara ba\u015flars\u0131n\u0131z.<br \/>\n<strong>4 dakika: Foto\u011fraf Ayarlar\u0131 ve Payla\u015f\u0131m<\/strong><br \/>\nBir \u00f6nceki i\u00e7erik plan\u0131n\u0131zda bug\u00fcn i\u00e7in hangi g\u00f6rseli planlad\u0131ysan\u0131z onu y\u00fckleyin, \u00e7e\u015fitli filtreler ve resim i\u015fleme ara\u00e7lar\u0131 ile g\u00f6rseli kendinize ya da \u015firketinize en uygun hale getirip payla\u015f\u0131n.<br \/>\nHaz\u0131rlad\u0131\u011f\u0131n\u0131z foto\u011fraflarda, bir foto\u011fraf st\u00fcdyosu kalitesi beklemeyin. Unutmay\u0131n ki Instagram\u2019\u0131n amac\u0131 cep telefonuyla \u00e7ekilen g\u00f6r\u00fcnt\u00fclerin payla\u015f\u0131lmas\u0131. Bu \u015fekilde takip\u00e7ileriniz de sizi daha samimi bulacakt\u0131r.<br \/>\n*G\u00fcnde 1 ya da 2 g\u00f6rselden fazla payla\u015fmay\u0131n \u00e7\u00fcnk\u00fc insanlar\u0131n haber kayna\u011f\u0131n\u0131 sadece sizin g\u00f6nderileriniz doldurursa, takibi b\u0131rakabilirler.<br \/>\n<strong>10 dakika: Etkile\u015fim<\/strong><br \/>\nG\u00fcnl\u00fck 20 dakikan\u0131z\u0131n yar\u0131s\u0131n\u0131 etkile\u015fim kurmaya ay\u0131rmal\u0131s\u0131n\u0131z. Etkile\u015fimden kast\u0131m\u0131z ba\u015fkalar\u0131n\u0131n g\u00f6nderilerini be\u011fenmek, yorum yapmak, sizin g\u00f6nderilerinize yap\u0131lan yorumlar\u0131 cevaplamakt\u0131r. Bu \u015fekilde takip\u00e7i kitlenizle ili\u015fkilerinizi sa\u011flamla\u015ft\u0131r\u0131r ve al\u0131d\u0131\u011f\u0131n\u0131z be\u011feni say\u0131n\u0131n d\u00fc\u015fmemesini sa\u011flars\u0131n\u0131z.<br \/>\n\u00d6nce kendi g\u00f6nderilerinizden ba\u015flay\u0131n. Foto\u011fraflar\u0131n\u0131za yap\u0131lan yorumlar i\u00e7in te\u015fekk\u00fcr edebilir, sorulan sorular varsa cevap verebilirsiniz. \u0130nsanlarla konu\u015fma dilinizi markan\u0131z\u0131n sosyal medya stratejisine g\u00f6re belirlemelisiniz. Samimi ya da biraz ciddi bir dil olabilir.<br \/>\nSizi takip etmeye ba\u015flam\u0131\u015f ya da bir g\u00f6nderinize yorum yapm\u0131\u015f ki\u015fileri takip edin ve siz de onlar\u0131n bir ya da iki g\u00f6nderisine yorum yap\u0131n. Ancak yapt\u0131\u011f\u0131n\u0131z yorumlar kendi reklam\u0131n\u0131z de\u011fil, onlar\u0131n i\u00e7erikleriyle ilgili yorumlar olsun. Hem b\u00fcy\u00fck bir marka taraf\u0131ndan yorum almak hem de takip ettikleri markayla kar\u015f\u0131l\u0131kl\u0131 ileti\u015fim kurmak insanlar\u0131n ho\u015funa gider.<br \/>\nE\u011fer etkile\u015fime ay\u0131rd\u0131\u011f\u0131n\u0131z 10 dakika hala dolmad\u0131ysa ke\u015ffet sayfas\u0131na g\u00f6z atarak kendi \u00fcr\u00fcn\u00fcn\u00fcz ve sayfan\u0131zla alakal\u0131 kullan\u0131c\u0131lar\u0131 bulup takibe alabilir ya da g\u00f6nderilerine yorum yapabilirsiniz.<br \/>\n<strong>3 dakika: Etiketleri ve Topluklar\u0131 \u0130nceleme<\/strong><br \/>\nSon 3 dakikan\u0131zda i\u015finizle alakal\u0131 etiketleri, kullan\u0131c\u0131lar\u0131, payla\u015f\u0131mlar\u0131 inceleyin. Bu \u015fekilde dikkatini \u00e7ekmeniz gereken kullan\u0131c\u0131lar\u0131n hangi etiketleri kulland\u0131klar\u0131n\u0131, hangi foto\u011fraflar\u0131 be\u011fenip payla\u015ft\u0131klar\u0131n\u0131 hatta hangi emojileri kulland\u0131klar\u0131n\u0131 \u00f6\u011frenebilirsiniz. Bu \u00f6\u011frendikleriniz sayesinde bir sonraki g\u00f6nderinizi planlarken, hedef kitlenizin diline daha fazla hakim olursunuz.<\/p>\n","protected":false},"excerpt":{"rendered":"<p>Bir ajansta sosyal medya y\u00f6neticisiyseniz ya da kendi \u015firketinizin sosyal medya hesaplar\u0131n\u0131 y\u00f6netiyorsan\u0131z muhtemelen \u015firket blogu, Facebook, Twitter, Linkedin derken en son s\u0131raya Instagram\u2019\u0131 koymu\u015fsunuzdur. Baz\u0131 g\u00fcnler Instagram hesab\u0131n\u0131zla ilgilenmeye vaktinizin yetmedi\u011fi de olmu\u015ftur. Asl\u0131nda Instagram hesab\u0131 y\u00f6netimi i\u00e7in g\u00fcnl\u00fck sadece 20 dakikan\u0131n yeterli olaca\u011f\u0131n\u0131 s\u00f6ylesek ne d\u00fc\u015f\u00fcn\u00fcrs\u00fcn\u00fcz? Gelin bu 20 dakikay\u0131 nas\u0131l kullanaca\u011f\u0131n\u0131za bakal\u0131m &hellip;<\/p>\n","protected":false},"author":1,"featured_media":467,"comment_status":"open","ping_status":"open","sticky":false,"template":"","format":"standard","meta":[],"categories":[176],"tags":[],"_links":{"self":[{"href":"https:\/\/egegen.com\/blog\/wp-json\/wp\/v2\/posts\/466"}],"collection":[{"href":"https:\/\/egegen.com\/blog\/wp-json\/wp\/v2\/posts"}],"about":[{"href":"https:\/\/egegen.com\/blog\/wp-json\/wp\/v2\/types\/post"}],"author":[{"embeddable":true,"href":"https:\/\/egegen.com\/blog\/wp-json\/wp\/v2\/users\/1"}],"replies":[{"embeddable":true,"href":"https:\/\/egegen.com\/blog\/wp-json\/wp\/v2\/comments?post=466"}],"version-history":[{"count":0,"href":"https:\/\/egegen.com\/blog\/wp-json\/wp\/v2\/posts\/466\/revisions"}],"wp:featuredmedia":[{"embeddable":true,"href":"https:\/\/egegen.com\/blog\/wp-json\/wp\/v2\/media\/467"}],"wp:attachment":[{"href":"https:\/\/egegen.com\/blog\/wp-json\/wp\/v2\/media?parent=466"}],"wp:term":[{"taxonomy":"category","embeddable":true,"href":"https:\/\/egegen.com\/blog\/wp-json\/wp\/v2\/categories?post=466"},{"taxonomy":"post_tag","embeddable":true,"href":"https:\/\/egegen.com\/blog\/wp-json\/wp\/v2\/tags?post=466"}],"curies":[{"name":"wp","href":"https:\/\/api.w.org\/{rel}","templated":true}]}}