{"id":4648,"date":"2018-05-22T14:43:50","date_gmt":"2018-05-22T11:43:50","guid":{"rendered":"https:\/\/egegen.com\/blog\/?p=4648"},"modified":"2022-08-24T18:14:00","modified_gmt":"2022-08-24T15:14:00","slug":"egegen-izmir-egitim-etkinlik-gunlerine-katkilarindan-dolayi-tesekkur-plaketi-aldi","status":"publish","type":"post","link":"https:\/\/egegen.com\/blog\/egegen-izmir-egitim-etkinlik-gunlerine-katkilarindan-dolayi-tesekkur-plaketi-aldi\/","title":{"rendered":"egegen, \u0130zmir E\u011fitim Etkinlik G\u00fcnleri\u2019ne Katk\u0131lar\u0131ndan Dolay\u0131 Te\u015fekk\u00fcr Plaketi Ald\u0131!"},"content":{"rendered":"<p>Bu y\u0131l ilki d\u00fczenlenen, 18-19-20 May\u0131s&nbsp; tarihlerinde Kaya \u0130zmir Thermal &amp; Convention\u2019da ger\u00e7ekle\u015ftirilen <strong>FUTURESKOP \u2013 1. \u0130zmir \u00d6zel E\u011fitim \u00d6\u011fretim Kurumlar\u0131 E\u011fitim Etkinlik G\u00fcnleri<\/strong>\u2019ne ve \u0130zmir E\u011fitim Kamuoyu\u2019na&nbsp;katm\u0131\u015f oldu\u011fumuz de\u011ferden dolay\u0131 <strong>egegen <\/strong>ailesi olarak te\u015fekk\u00fcr plaketi ald\u0131k.<\/p>\n<p>\u0130zmir&#8217;in e\u011fitime \u00f6nem veren kurulu\u015flar\u0131n\u0131n deste\u011fi ile ger\u00e7ekle\u015fen <strong>FUTURESKOP &#8211; 1. \u0130zmir \u00d6zel E\u011fitim-\u00d6\u011fretim Kurumlar\u0131 E\u011fitim Etkinlik G\u00fcnleri&nbsp;<\/strong>18-19-20 May\u0131s tarihlerinde ger\u00e7ekle\u015fti. Bir grup e\u011fitimcinin ki\u015fisel \u00e7abalar\u0131yla ba\u015flayan e\u011fitim etkinli\u011fi,&nbsp;T\u00fcrkiye&#8217;nin sayg\u0131n e\u011fitim ve ruh sa\u011fl\u0131\u011f\u0131 uzmanlar\u0131n\u0131n s\u00f6yle\u015filer verdi\u011fi, 20&#8217;den fazla at\u00f6lye \u00e7al\u0131\u015fmas\u0131n\u0131n yap\u0131ld\u0131\u011f\u0131 b\u00fcy\u00fck bir organizasyona d\u00f6n\u00fc\u015ft\u00fc.&nbsp;Ger\u00e7ekle\u015ftirilen b\u00fcy\u00fck organizasyonda \u00f6\u011frenciler, veliler, \u00f6\u011fretmenler, e\u011fitim dan\u0131\u015fmanlar\u0131 ve psikologlar bir araya geldi.<\/p>\n<p>\u0130zmir&#8217;in nitelikli \u00f6zel e\u011fitim \u00f6\u011fretim kurumlar\u0131n\u0131n, hay\u0131rsever ve e\u011fitime \u00f6nem veren kurulu\u015flar\u0131n deste\u011fi ile ger\u00e7ekle\u015fen organizasyon, \u0130zmir e\u011fitim kamuoyunun ihtiya\u00e7 duydu\u011fu bir \u00e7al\u0131\u015fma olma niteli\u011fi ta\u015f\u0131yor.&nbsp;18-19-20 May\u0131s tarihlerinde \u0130zmir Kaya Termal Otel &amp; Convention Merkezinde ger\u00e7ekle\u015ftirilen etkinlikte&nbsp;t\u00fcm s\u00f6yle\u015filer ve at\u00f6lye \u00e7al\u0131\u015fmalar\u0131 ziyaret\u00e7ilere \u00fccretsiz sunuldu.<\/p>\n<p><img class=\"alignnone size-full wp-image-4650\" src=\"https:\/\/egegen.com\/blog\/wp-content\/uploads\/2018\/05\/egegen-izmir-egitim-etkinlik-gunlerine-katkilarindan-dolayi-tesekkur-plaketi-aldi-2.png\" alt=\"egegen, \u0130zmir E\u011fitim Etkinlik G\u00fcnleri\u2019ne Katk\u0131lar\u0131ndan Dolay\u0131 Te\u015fekk\u00fcr Plaketi Ald\u0131!\" width=\"375\" height=\"500\"><br \/>\n<strong>egegen <\/strong>olarak e\u011fitimin en \u00f6nemli yat\u0131r\u0131m oldu\u011funa inan\u0131yor ve \u00e7ocuklar i\u00e7in do\u011fru e\u011fitim olanaklar\u0131 yaratmay\u0131 ama\u00e7layan bu g\u00fczel organizasyonun g\u00f6n\u00fcll\u00fc olarak bir par\u00e7as\u0131 olmaktan gurur duyuyoruz.<\/p>\n","protected":false},"excerpt":{"rendered":"<p>Bu y\u0131l ilki d\u00fczenlenen, 18-19-20 May\u0131s&nbsp; tarihlerinde Kaya \u0130zmir Thermal &amp; Convention\u2019da ger\u00e7ekle\u015ftirilen FUTURESKOP \u2013 1. \u0130zmir \u00d6zel E\u011fitim \u00d6\u011fretim Kurumlar\u0131 E\u011fitim Etkinlik G\u00fcnleri\u2019ne ve \u0130zmir E\u011fitim Kamuoyu\u2019na&nbsp;katm\u0131\u015f oldu\u011fumuz de\u011ferden dolay\u0131 egegen ailesi olarak te\u015fekk\u00fcr plaketi ald\u0131k. \u0130zmir&#8217;in e\u011fitime \u00f6nem veren kurulu\u015flar\u0131n\u0131n deste\u011fi ile ger\u00e7ekle\u015fen FUTURESKOP &#8211; 1. \u0130zmir \u00d6zel E\u011fitim-\u00d6\u011fretim Kurumlar\u0131 E\u011fitim Etkinlik G\u00fcnleri&nbsp;18-19-20 &hellip;<\/p>\n","protected":false},"author":1,"featured_media":5783,"comment_status":"open","ping_status":"open","sticky":false,"template":"","format":"standard","meta":[],"categories":[179],"tags":[],"_links":{"self":[{"href":"https:\/\/egegen.com\/blog\/wp-json\/wp\/v2\/posts\/4648"}],"collection":[{"href":"https:\/\/egegen.com\/blog\/wp-json\/wp\/v2\/posts"}],"about":[{"href":"https:\/\/egegen.com\/blog\/wp-json\/wp\/v2\/types\/post"}],"author":[{"embeddable":true,"href":"https:\/\/egegen.com\/blog\/wp-json\/wp\/v2\/users\/1"}],"replies":[{"embeddable":true,"href":"https:\/\/egegen.com\/blog\/wp-json\/wp\/v2\/comments?post=4648"}],"version-history":[{"count":0,"href":"https:\/\/egegen.com\/blog\/wp-json\/wp\/v2\/posts\/4648\/revisions"}],"wp:featuredmedia":[{"embeddable":true,"href":"https:\/\/egegen.com\/blog\/wp-json\/wp\/v2\/media\/5783"}],"wp:attachment":[{"href":"https:\/\/egegen.com\/blog\/wp-json\/wp\/v2\/media?parent=4648"}],"wp:term":[{"taxonomy":"category","embeddable":true,"href":"https:\/\/egegen.com\/blog\/wp-json\/wp\/v2\/categories?post=4648"},{"taxonomy":"post_tag","embeddable":true,"href":"https:\/\/egegen.com\/blog\/wp-json\/wp\/v2\/tags?post=4648"}],"curies":[{"name":"wp","href":"https:\/\/api.w.org\/{rel}","templated":true}]}}