{"id":4545,"date":"2018-05-02T17:52:02","date_gmt":"2018-05-02T14:52:02","guid":{"rendered":"https:\/\/egegen.com\/blog\/?p=4545"},"modified":"2022-10-10T17:27:03","modified_gmt":"2022-10-10T14:27:03","slug":"egegen-trend-raporu-07-nisan-2018","status":"publish","type":"post","link":"https:\/\/egegen.com\/blog\/egegen-trend-raporu-07-nisan-2018\/","title":{"rendered":"egegen Trend Raporu &#8211; 07 \/ Nisan 2018"},"content":{"rendered":"<p>Dijital d\u00fcnyada ya\u015fananlar\u0131, sosyal medya platformlar\u0131ndaki yenilikleri, dijital reklamc\u0131l\u0131\u011f\u0131n etkileyici \u00f6rneklerini ve bizden haberleri bulabilece\u011finiz\u00a0<strong>egegen Trend Raporu<\/strong>\u00a0yedinci say\u0131s\u0131yla kar\u015f\u0131n\u0131zday\u0131z. Keyifli okumalar dileriz!<\/p>\n<hr \/>\n<h2>Instagram Story\u2019e Portre Modu Geldi!<\/h2>\n<p><img class=\"alignnone size-full wp-image-4481\" src=\"https:\/\/egegen.com\/blog\/wp-content\/uploads\/2018\/04\/instagram-hikayelerine-portre-modu-ozelligi-geldi.jpg\" alt=\"Instagram Story\u2019e Portre Modu Geldi!\" width=\"696\" height=\"348\" \/><\/p>\n<p>iPhone 7 Plus ile tan\u0131\u015ft\u0131\u011f\u0131m\u0131z portre \u00f6zelli\u011fi, <b>Instagram <\/b>taraf\u0131ndan <b>hikayeler<\/b> kameras\u0131yla kullan\u0131c\u0131lara sunulmaya ba\u015fland\u0131. Instagram\u2019\u0131n daha \u00f6nceki g\u00fcncellemeler ile hikayelere getirdi\u011fi <b>Superzoom<\/b><b>, <\/b><b>Boomerang<\/b> \u00f6zelliklerinin yan\u0131na, bug\u00fcn Focus\u2019da eklendi. Instagram kameras\u0131n\u0131n <b>Focus<\/b>\u00a0\u00f6zelli\u011fi kullan\u0131larak portre \u00e7ekimler yap\u0131labiliyor. Kullan\u0131c\u0131ya\u00a0 telefon kameras\u0131ndan ba\u011f\u0131ms\u0131z olarak portre modunda \u00e7ekim yapma \u00f6zg\u00fcrl\u00fc\u011f\u00fc sunan Focus \u00f6zelli\u011fi, kadraja giren y\u00fcze odaklanarak arka plan\u0131 hafif\u00e7e bulan\u0131kla\u015ft\u0131r\u0131yor ve ki\u015fiyi \u00f6n plana \u00e7\u0131kar\u0131yor. Di\u011fer t\u00fcm hikayeler kamera formatlar\u0131nda oldu\u011fu gibi, Focus modu ile \u00e7ekilen foto\u011fraflara da filtre, \u00e7\u0131kartma ve yaz\u0131 eklenebiliyor. Hen\u00fcz t\u00fcm telefonlara gelmeyen bu \u00f6zelli\u011fin birka\u00e7 g\u00fcn i\u00e7inde t\u00fcm \u0130OS ve Android kullan\u0131c\u0131lar\u0131na sunulmas\u0131 bekleniyor.<\/p>\n<hr \/>\n<h2>Aray\u00fcz\u00fc Yenilenen Gmail\u2019in Kullan\u0131\u015fl\u0131 \u00d6zellikleri<\/h2>\n<p><img class=\"alignnone size-full wp-image-4531\" src=\"https:\/\/egegen.com\/blog\/wp-content\/uploads\/2018\/04\/gmail-yeni-arayuzunu-tum-kullanicilara-sundu-1.png\" alt=\"Gmail Yeni Aray\u00fcz\u00fcn\u00fc T\u00fcm Kullan\u0131c\u0131lara Sundu\" width=\"696\" height=\"348\" \/><\/p>\n<p>Google, uzun s\u00fcre sonra yeniledi\u011fi <b>Gmail<\/b> <b>aray\u00fcz\u00fcn\u00fc<\/b> t\u00fcm d\u00fcnyada kullan\u0131ma sunmaya ba\u015flad\u0131. Tasar\u0131msal de\u011fi\u015fikliklerin yan\u0131 s\u0131ra daha\u00a0i\u015flevsel hale gelen\u00a0<b>Gmail\u2019in<\/b><b> yeni <\/b><b>aray\u00fcz\u00fcnde<\/b> kullan\u0131m kolayl\u0131\u011f\u0131 ve kullan\u0131c\u0131 g\u00fcvenli\u011fini \u00f6n planda tutulmu\u015f. Yeni Gmail\u2019in \u00f6zellikleri \u015fu \u015fekilde:<\/p>\n<p><b>Uygulamalar kenar \u00e7ubu\u011fu:<\/b> Google Takvim ve not uygulamas\u0131 Keep gibi pop\u00fcler Google hizmetleri de Gmail ana sayfas\u0131n\u0131n solunda, ara\u00e7 \u00e7ubu\u011fu \u00fczerinde g\u00f6r\u00fcnecekler. B\u00f6ylece kolayca notlar alabilecek ve planlama yapabileceksiniz.<\/p>\n<p><b>Ak\u0131ll\u0131 yan\u0131t sistemi:<\/b> Yeni Gmail\u2019de en \u00e7ok tan\u0131nan Letgo uygulamas\u0131nda oldu\u011fu gibi cevap b\u00f6l\u00fcm\u00fcnde gelen maildeki c\u00fcmlelere g\u00f6re k\u0131sa mesaj se\u00e7enekleri mevcut.<\/p>\n<p><b>E-posta hat\u0131rlatma:<\/b> \u00d6nemli e-postalar\u0131n\u0131z\u0131n unutulup kaybolmamas\u0131 i\u00e7in Gmail sizi uyaracak.<\/p>\n<p><b>E-posta erteleme:<\/b> Art\u0131k gelen kutunuzda bulunan ve daha sonra yapman\u0131z gereken \u00f6nemli bir i\u015fle ilgili olan <b>e-postalar\u0131 erteleme<\/b> imkan\u0131n\u0131z olacak. Bu postalar\u0131 zamanlama ayar\u0131 sayesinde istedi\u011finiz saate programlayabileceksiniz.<\/p>\n<p><b>Gizli e-posta:<\/b> Google baz\u0131 e-postalar\u0131n al\u0131c\u0131lar taraf\u0131ndan de\u011fi\u015ftirilmesine engel olmak i\u00e7in kullan\u0131c\u0131lara se\u00e7enek sunacak. <b>Gizli ve kilitli bir e-posta<\/b>, al\u0131c\u0131 taraf\u0131ndan indirilemiyor ya da y\u00f6nlendirilip bir ba\u015fka kullan\u0131c\u0131ya g\u00f6nderilemiyor. Ayr\u0131ca iki tarafl\u0131 kimlik do\u011frulamas\u0131 sayesinde e-posta \u015fifrelenebiliyor.<\/p>\n<p><b>Zararl\u0131 e-postalar i\u00e7in uyar\u0131:<\/b> Ek dosyalar\u0131nda, bulundurdu\u011fu ba\u011flant\u0131larda veya temel i\u00e7eri\u011finde zararl\u0131 i\u00e7eriklerin tespit edilen mailler geldi\u011finde Gmail sizi uyaracak.<\/p>\n<hr \/>\n<h2>Alzheimer Hastalar\u0131 i\u00e7in Sanal Ger\u00e7eklik Uygulamas\u0131: The Wayback<\/h2>\n<p><img class=\"alignnone size-full wp-image-4548\" src=\"https:\/\/egegen.com\/blog\/wp-content\/uploads\/2018\/05\/alzheimer-hastalari-icin-sanal-gerceklik-uygulamasi-the-wayback.png\" alt=\"Alzheimer Hastalar\u0131 i\u00e7in Sanal Ger\u00e7eklik Uygulamas\u0131: The Wayback\" width=\"928\" height=\"464\" \/><\/p>\n<p><b>The<\/b> <b>Wayback<\/b>, Alzheimer hastalar\u0131 i\u00e7in tasarlanan ve kolektif haf\u0131zada yer etmi\u015f bir g\u00fcn\u00fc t\u00fcm ayr\u0131nt\u0131lar\u0131yla yeniden canland\u0131ran bir sanal ger\u00e7eklik uygulamas\u0131. Ge\u00e7ti\u011fimiz y\u0131l lansman\u0131 yap\u0131lan The Wayback, Alzheimer ve demans hastal\u0131\u011f\u0131yla ya\u015fayan insanlar i\u00e7in yarat\u0131lm\u0131\u015f bir sanal ger\u00e7eklik filmiydi. Bunun i\u00e7in \u0130ngilizlerin haf\u0131zas\u0131na yer etmi\u015f \u00f6zel bir g\u00fcn se\u00e7ilerek o g\u00fcn t\u00fcm canl\u0131l\u0131\u011f\u0131yla film i\u00e7in yeniden yarat\u0131ld\u0131. B\u00f6ylece hat\u0131rlamakta g\u00fc\u00e7l\u00fck \u00e7eken insanlar i\u00e7in\u00a0sanal ger\u00e7eklik arac\u0131l\u0131\u011f\u0131yla, olumlu hislerle dolu ge\u00e7mi\u015ften bir g\u00fcne geri d\u00f6n\u00fc\u015f imkan\u0131 sa\u011flan\u0131yordu. B\u00fcy\u00fck \u00f6vg\u00fc toplayan bu filmden sonra \u015fimdi ikinci bir film i\u00e7in The Wayback,\u00a0Kickstarter\u2019da fonlamaya a\u00e7\u0131ld\u0131.<\/p>\n<p>The Wayback, \u00fccretsiz bir sanal ger\u00e7eklik uygulamas\u0131. \u0130ndirdi\u011finiz uygulamay\u0131 \u00e7al\u0131\u015ft\u0131r\u0131p telefonu karton bir sanal ger\u00e7eklik g\u00f6zl\u00fc\u011f\u00fcne yerle\u015ftirmek deneyimi ya\u015famak i\u00e7in yeterli oluyor. Film, sanal ger\u00e7eklik d\u0131\u015f\u0131nda YouTube \u00fczerinde 360\u00b0 video olarak da seyredilebiliyor. Haz\u0131rlanan internet siteside konu hakk\u0131nda ipu\u00e7lar\u0131 ve bilgiler sunuyor.<\/p>\n<hr \/>\n<h2>KFC\u2019nin Yak\u0131c\u0131 Baharatl\u0131 Tavuklar\u0131<\/h2>\n<p><img class=\"alignnone size-full wp-image-4549\" src=\"https:\/\/egegen.com\/blog\/wp-content\/uploads\/2018\/05\/kfcnin-yakici-baharatli-tavuklari-1.png\" alt=\"KFC\u2019nin Yak\u0131c\u0131 Baharatl\u0131 Tavuklar\u0131\" width=\"838\" height=\"594\" \/><\/p>\n<p>Amerikan fast food zinciri\u00a0<b>KFC<\/b>\u2019nin Hong Kong aya\u011f\u0131, yeni reklam kampanyas\u0131nda baharatl\u0131 tavuk par\u00e7alar\u0131n\u0131 ate\u015fe d\u00f6n\u00fc\u015ft\u00fcrd\u00fc. \u201c<b>Hot <\/b><b>and<\/b> <b>Spicy<\/b>\u201d bas\u0131l\u0131 kampanyas\u0131, olduk\u00e7a yarat\u0131c\u0131 ve ba\u015far\u0131l\u0131.<\/p>\n<p><img class=\"alignnone size-full wp-image-4550\" src=\"https:\/\/egegen.com\/blog\/wp-content\/uploads\/2018\/05\/kfcnin-yakici-baharatli-tavuklari-2.png\" alt=\"KFC\u2019nin Yak\u0131c\u0131 Baharatl\u0131 Tavuklar\u0131\" width=\"837\" height=\"593\" \/><\/p>\n<p>\u0130lanlarda KFC\u2019nin tavu\u011fu form olarak ate\u015fe benzetilmi\u015f. Yar\u0131\u015f otomobili, f\u0131rlat\u0131lan bir roket ve aksiyon dolu bir patlama sahnesindeki ate\u015f yerine k\u0131zarm\u0131\u015f tavuk kullan\u0131lm\u0131\u015f. Ate\u015fin temsil etti\u011fi ac\u0131 metaforuyla KFC\u2019nin baharatl\u0131 tavuklar\u0131 b\u00fct\u00fcnle\u015ftirilmi\u015f. KFC\u2019nin bu bas\u0131l\u0131 ilanlar\u0131 yarat\u0131c\u0131 fikrin do\u011fru g\u00f6rsel kullan\u0131m\u0131yla birlikte ne kadar etkileyici olabilece\u011finin ba\u015far\u0131l\u0131 bir \u00f6rne\u011fi olmu\u015f.<br \/>\n<img class=\"alignnone size-full wp-image-4551\" src=\"https:\/\/egegen.com\/blog\/wp-content\/uploads\/2018\/05\/kfcnin-yakici-baharatli-tavuklari-3.png\" alt=\"KFC\u2019nin Yak\u0131c\u0131 Baharatl\u0131 Tavuklar\u0131\" width=\"837\" height=\"593\" \/><\/p>\n<hr \/>\n<h2>Messenger\u2019e 360 Derece Foto\u011fraf ve HD Video Deste\u011fi Geldi<\/h2>\n<p><img class=\"alignnone size-full wp-image-4552\" src=\"https:\/\/egegen.com\/blog\/wp-content\/uploads\/2018\/05\/messenger-360-derece-fotograf-ve-video-destegi-geldi.png\" alt=\"Messenger\u2019e 360 Derece Foto\u011fraf ve HD Video Deste\u011fi Geldi\" width=\"928\" height=\"464\" \/><\/p>\n<p><b>Facebook<\/b>, mesajla\u015fma uygulamas\u0131\u00a0<b>Messenger<\/b>\u00a0i\u00e7in g\u00fcncelleme yay\u0131nlad\u0131. G\u00fcncelleme i\u00e7inde en dikkat \u00e7eken yenilikler\u00a0<b>360 derece panoramik foto\u011fraf deste\u011fi<\/b>\u00a0ve\u00a0<b>HD video yollama ve izleme<\/b>\u00a0\u00f6zelli\u011fi. Facebook daha \u00f6nce Messenger&#8217;i &#8220;daha g\u00f6rsel&#8221; bir \u00fcr\u00fcne \u00e7evirmeyi planlad\u0131\u011f\u0131n\u0131 duyurmu\u015ftu, \u015firket bu g\u00fcncelleme ile planlar\u0131n\u0131n ilk ad\u0131m\u0131n\u0131 atm\u0131\u015f oldu.<\/p>\n<p>Messenger uygulaman\u0131z\u0131 en g\u00fcncel s\u00fcr\u00fcme getirdi\u011finizde, panoramik foto\u011fraflar ve HD videolar g\u00f6nderebilecek ve izleyebileceksiniz. Panoramik foto\u011fraflar\u0131n yan\u0131nda bir pusula ikonu g\u00f6receksiniz, videolar ise HD ve SD olarak i\u015faretlenecek. 360 derece foto\u011fraf \u00f6zelli\u011fi \u015fu an t\u00fcm d\u00fcnyada, hem Android hem de iOS i\u00e7in kullan\u0131ma a\u00e7\u0131k durumda. Ancak HD video \u00f6zelli\u011fi T\u00fcrkiye&#8217;ye hen\u00fcz gelmedi.<\/p>\n<hr \/>\n<h2>Ger\u00e7ek Zamanl\u0131 \u00c7eviri Cihaz\u0131<\/h2>\n<p><img class=\"alignnone size-full wp-image-4553\" src=\"https:\/\/egegen.com\/blog\/wp-content\/uploads\/2018\/05\/gercek-zamanli-ceviri-cihazi.png\" alt=\"Ger\u00e7ek Zamanl\u0131 \u00c7eviri Cihaz\u0131\" width=\"928\" height=\"464\" \/><\/p>\n<p>\u00c7in\u2019in yerel arama motorunun da geli\u015ftiricisi olan\u00a0<b>Baidu<\/b>, EmTech Digital 2018 konferas\u0131nda, hen\u00fcz ad\u0131 konmam\u0131\u015f olan yeni ve ufak <b>\u00e7eviri cihaz\u0131n\u0131n <\/b>tan\u0131t\u0131m\u0131n\u0131 yapt\u0131. Baidu\u2019nun derin \u00f6\u011frenme n\u00f6ral a\u011flar\u0131n\u0131 kullanan\u00a0\u00e7eviri cihaz\u0131, etkinlikte ger\u00e7ekle\u015ftirilen demo s\u0131ras\u0131nda, \u0130ngilizce konu\u015fan bir konu\u015fmac\u0131 ve \u00c7ince\u2019nin Mandarin leh\u00e7esiyle konu\u015fan bir konu\u015fmac\u0131 aras\u0131ndaki konu\u015fmay\u0131 ba\u015far\u0131yla \u00e7evirdi.<\/p>\n<p>Baidu\u2019nun\u00a0\u00e7eviri cihaz\u0131, \u015fu anda \u0130ngilizce, \u00c7ince ve Japonca dillerinde h\u0131zl\u0131 bir \u015fekilde <b>ger\u00e7ek zamanl\u0131 olarak \u00e7eviri <\/b>yapabilmek amac\u0131yla \u00c7in\u2019deki seyahat acentelerine ve havalimanlar\u0131na kiralan\u0131yor. Cihaz genel sat\u0131\u015fa haz\u0131r hale geldi\u011finde ise daha fazla dil se\u00e7ene\u011fi de eklenmi\u015f olacak. Bununla birlikte payla\u015f\u0131lan bilgilere g\u00f6re,\u00a0Baidu yeni \u00e7eviri cihaz\u0131n\u0131 hem kiralama hem de sat\u0131n almak se\u00e7ene\u011fiyle piyasaya s\u00fcrmeyi planl\u0131yor.<\/p>\n<hr \/>\n<h2>IKEA\u2019n\u0131n E\u011flenceli Hayaletlerle Dolu Reklam Filmi<\/h2>\n<p><iframe loading=\"lazy\" src=\"https:\/\/www.youtube.com\/embed\/hw9A6tv3y5Y?rel=0&amp;controls=0&amp;showinfo=0\" width=\"100%\" height=\"400\" frameborder=\"0\" allowfullscreen=\"allowfullscreen\"><\/iframe><\/p>\n<p><b>IKEA<\/b>&#8216;n\u0131n yeni filmi s\u0131k\u0131c\u0131 bir ev partisini renklendiren haval\u0131 hayaletler \u00fczerinden IKEA ev tekstili \u00fcr\u00fcnlerini anlat\u0131yor. IKEA; \u201cWonderful Everyday\u201d stratejisi \u00e7er\u00e7evesinde, aile ya\u015fam\u0131na e\u011flenceli bir dokunu\u015f katan sevimli filmlerle geliyor. Yine bu strateji \u00e7er\u00e7evesinde IKEA bu defa da stil sahibi hayaletler arac\u0131l\u0131\u011f\u0131yla ev tekstili \u00fcr\u00fcnlerini anlat\u0131yor.<\/p>\n<hr \/>\n<h2>WhatsApp Ses Kay\u0131tlar\u0131n\u0131z\u0131 G\u00f6ndermeden Dinleyin<\/h2>\n<p><img class=\"alignnone size-full wp-image-4554\" src=\"https:\/\/egegen.com\/blog\/wp-content\/uploads\/2018\/05\/whatsapp-ses-kayitlarinizi-gondermeden-dinleyin.png\" alt=\"WhatsApp Ses Kay\u0131tlar\u0131n\u0131z\u0131 G\u00f6ndermeden Dinleyin\" width=\"928\" height=\"464\" \/><\/p>\n<p><b>WhatsApp<\/b>, son g\u00fcncellemesiyle gelen aramayla kaybolan ses kay\u0131tlar\u0131n\u0131n \u00f6n\u00fcne ge\u00e7meye haz\u0131rlan\u0131yor. 2.18.123 s\u00fcr\u00fcm\u00fc ile birlikte <b>WhatsApp<\/b>, g\u00f6nderilmemi\u015f olsa dahi sesli mesajlar\u0131 ara belle\u011fe kaydediyor. B\u00f6ylece telefonunuz \u00e7alarsa ya da yanl\u0131\u015fl\u0131kla WhatsApp\u2019tan \u00e7\u0131karsan\u0131z sesli mesaj\u0131n\u0131z silinmiyor. Ayr\u0131ca yeni \u00f6zellik, kullan\u0131c\u0131lara <b>sesli mesajlar\u0131 g\u00f6ndermeden \u00f6nce dinleme imkan\u0131<\/b> da sunuyor.<\/p>\n<p>E\u011fer sesli mesaj\u0131n\u0131z\u0131 g\u00f6ndermeden \u00f6nce dinlemek isterseniz, kayd\u0131 tamamlad\u0131ktan sonra ana ekran tu\u015funa bas\u0131n. Yeniden uygulamay\u0131 a\u00e7t\u0131\u011f\u0131n\u0131zda ses kayd\u0131n\u0131z durdurulmu\u015f ve g\u00f6nderilmek ya da silinmek \u00fczere bekliyor olacakt\u0131r. Dilerseniz oynatma tu\u015funa basarak g\u00f6ndermeden \u00f6nce mesaj\u0131n\u0131z\u0131 dinleyebilirsiniz.<\/p>\n<hr \/>\n<h2>Google ile Antik Eserleri 3D G\u00f6rebilme F\u0131rsat\u0131n\u0131z Var<\/h2>\n<p><iframe loading=\"lazy\" src=\"https:\/\/www.youtube.com\/embed\/CjB6DQGalU0?rel=0&amp;controls=0&amp;showinfo=0\" width=\"100%\" height=\"400\" frameborder=\"0\" allowfullscreen=\"allowfullscreen\"><\/iframe><\/p>\n<p><b>Google<\/b> ve <b>CyArk<\/b> sayesinde art\u0131k nerede ve ne zamanda olursan\u0131z olun, bir tarihi eser yok olmaya y\u00fcz tutmadan her daim bu yap\u0131lar\u0131 inceleyebileceksiniz.<\/p>\n<p>D\u00fcnyadaki antik eserler do\u011fal afetler, turizm ve sava\u015f tehdidiyle kar\u015f\u0131 kar\u015f\u0131ya kal\u0131yor. Bu durum,\u00a0Ben Kacyra&#8217;n\u0131n akl\u0131na, antik an\u0131tlar\u0131 tarayarak dijital ortama kaydetme fikrini getirdi. Bu vesileyle Ben, kar amac\u0131 g\u00fctmeyen\u00a0CyArk&#8217;\u0131 kurdu.<\/p>\n<p>Lazer tarama, fotogrametri, drone g\u00f6r\u00fcnt\u00fcleme ve yap\u0131land\u0131r\u0131lm\u0131\u015f \u0131\u015f\u0131k taramas\u0131 yard\u0131m\u0131yla CyArk ekibi, Myanmar&#8217;daki Ananda Ok Kyaung Tap\u0131na\u011f\u0131, Suriye&#8217;deki Alemem Saray\u0131 ve Meksika&#8217;daki Chichen Itza gibi yap\u0131lar\u0131n ayr\u0131nt\u0131l\u0131, dijital 3D g\u00f6r\u00fcnt\u00fclerini geli\u015ftiriyor. Bu durumu ke\u015ffeden Google ekibi, bunu sanat ve k\u00fclt\u00fcr platformuna sunuyor.\u00a0<b>Google <\/b><b>Arts<\/b><b> &amp; <\/b><b>Culture<\/b> ile art\u0131k 18 \u00fclkede 25 tarihi yer g\u00f6rebilirsiniz.<\/p>\n<hr \/>\n<h2>LEGO Uyumlu Mobilyalarla Evinizi Oyun Alan\u0131na D\u00f6n\u00fc\u015ft\u00fcr\u00fcn<\/h2>\n<p><img class=\"alignnone size-full wp-image-4555\" src=\"https:\/\/egegen.com\/blog\/wp-content\/uploads\/2018\/05\/lego-uyumlu-mobilyalarla-evinizi-oyun-alanina-donu\u015fturun.png\" alt=\"Lego Uyumlu Mobilyalarla Evinizi Oyun Alan\u0131na D\u00f6n\u00fc\u015ft\u00fcr\u00fcn\" width=\"928\" height=\"464\" \/><\/p>\n<p>\u0130talyan tasar\u0131m st\u00fcdyosu\u00a0<b>NINE<\/b>, \u00e7ocuk kalanlar kadar, \u00e7ocuklar\u0131yla keyifli vakit ge\u00e7irmek isteyenlerin de tercih edece\u011fi g\u00fczel bir oyun alan\u0131 yaratm\u0131\u015f. St\u00fcda serisindeki dolaplar\u0131n y\u00fczeyine LEGO bloklar\u0131 tak\u0131labiliyor. Dolaplar, do\u011frudan mobilya olarak kullan\u0131labilir veya y\u00fczeyi LEGO\u2019larla kaplanarak kullan\u0131c\u0131 taraf\u0131ndan s\u00fcslenebilir. Dolay\u0131s\u0131yla dolaplar\u0131n \u00fczerine mesaj b\u0131rakabilir, vazolar, foto\u011fraf \u00e7er\u00e7eveleri, \u00e7anaklar, telefon \u015farj istasyonu gibi nesneler de ekleyebilirsiniz. Yatay bir y\u00fczey \u00fczerinde \u00e7al\u0131\u015faca\u011f\u0131n\u0131zdan LEGO bloklar\u0131n\u0131n \u00fczerine bas\u0131p can\u0131n\u0131z\u0131 yakma riskiniz de azal\u0131yor.<\/p>\n<hr \/>\n<h2>T\u00fcrkiye\u2019de \u00dcretilen Ak\u0131ll\u0131 Baston WeWALK, Engel Tan\u0131m\u0131yor<\/h2>\n<p><iframe loading=\"lazy\" src=\"https:\/\/www.youtube.com\/embed\/1y8maPGq08c?rel=0&amp;controls=0&amp;showinfo=0\" width=\"100%\" height=\"400\" frameborder=\"0\" allowfullscreen=\"allowfullscreen\"><\/iframe><br \/>\n<b>WeWALK<\/b>, ABD\u2019de Thomas Edison\u2019a adanan <b>Edison \u00d6d\u00fclleri<\/b>\u2019nde Sa\u011fl\u0131k &amp; \u0130yi Ya\u015fam kategorisinde alt\u0131n \u00f6d\u00fcl ald\u0131. Cihaz, engel alg\u0131lama yetene\u011fiyle g\u00f6rme engelli kullan\u0131c\u0131s\u0131n\u0131n g\u00f6\u011f\u00fcs ve ba\u015f hizas\u0131nda \u00f6n\u00fcne \u00e7\u0131kabilecek engelleri alg\u0131layarak kullan\u0131c\u0131y\u0131 uyar\u0131yor. Bluetooth ile cep telefonuna ba\u011flanarak, telefon ekran\u0131n\u0131 taklit edip telefonu kontrol etme imk\u00e2n\u0131 sunuyor. B\u00f6ylece g\u00f6rme engelli kullan\u0131c\u0131 cep telefonuna hi\u00e7 dokunmadan, bastonu \u00fczerinden navigasyon, arama ve mesajlara cevap verme gibi \u00f6zellikleri kullanabiliyor. A\u00e7\u0131k platform \u00f6zelli\u011fi ise WeWALK\u2019un t\u00fcm mobil uygulamalarla entegre olabilmesi, s\u00fcrekli yeni \u00f6zellikler kazanabilmesi anlam\u0131na geliyor.<\/p>\n<p>WeWALK, A\u011fustos 2016\u2019da Ar\u0131kovan\u0131\u2019nda ba\u015flatt\u0131\u011f\u0131 destek kampanyas\u0131n\u0131 200.000 TL hedefini a\u015farak 289.971 TL ile\u00a0tamamlam\u0131\u015ft\u0131. Art\u0131k cihaz\u0131n g\u00f6rme engelli bireylerin hizmetine sunulacak bir \u00fcr\u00fcn olarak Haziran\u2019da piyasaya s\u00fcr\u00fclmesi bekleniyor.<\/p>\n<hr \/>\n<h2>YouTube&#8217;da Story R\u00fczgar\u0131na Kar\u015f\u0131 Koyamad\u0131<\/h2>\n<p><img class=\"alignnone size-full wp-image-4456\" src=\"https:\/\/egegen.com\/blog\/wp-content\/uploads\/2018\/04\/youtubea-story-ozelligi-geliyor.jpg\" alt=\"YouTube da Story R\u00fczgar\u0131na Kar\u015f\u0131 Koyamad\u0131\" width=\"696\" height=\"348\" \/><\/p>\n<p>YouTube&#8217;da sitede ve mobil uygulamalar\u0131nda ge\u00e7irilen zaman\u0131 art\u0131rmak i\u00e7in <b>YouTube<\/b><b> hikayeler<\/b> diye adland\u0131rabilece\u011fimiz <b>Song<\/b> <b>Stories<\/b> \u00f6zelli\u011fini test etmeye ba\u015flad\u0131. M\u00fczik s\u00f6z\u00fc ve bilgileri sunan,\u00a0Genius ortakl\u0131\u011f\u0131yla kullan\u0131ma sunulan\u00a0Song Stories\u00a0\u00f6zelli\u011fi ile \u015fark\u0131c\u0131lar\u0131n; r\u00f6portajlar\u0131na, \u015fark\u0131lar\u0131n video kliplerinden kesitlerine, konser g\u00f6r\u00fcnt\u00fclerine ve \u015fark\u0131 s\u00f6zlerine ula\u015f\u0131labiliyor.\u00a0\u0130\u00e7erikler, kartlar olarak s\u0131ralan\u0131yor ve bu kartlara m\u00fczik dinlerken bak\u0131labiliyor veya slayt g\u00f6sterisi gibi izlenebiliyor. Snapchat&#8217;teki gibi 24 saat i\u00e7inde kaybolmayan videolar, ki\u015finin kanal\u0131nda s\u00fcrekli olarak g\u00f6r\u00fcnt\u00fcleniyor.<\/p>\n<p><b>Song<\/b> <b>Stories<\/b> \u015fu an i\u00e7in deneme a\u015famas\u0131nda gibi g\u00f6z\u00fck\u00fcyor.\u00a0Hen\u00fcz b\u00fct\u00fcn kullan\u0131c\u0131lar\u0131n eri\u015femedi\u011fi ve <b>YouTube<\/b> \u00fczerinden kullan\u0131lamayan bu \u00f6zelli\u011fi Genius uygulamas\u0131n\u0131 indirerek deneyimleyebilirsiniz.<\/p>\n<hr \/>\n<h2>D\u00fcnyan\u0131n En K\u00f6t\u00fc \u015eark\u0131s\u0131n\u0131 Atlayamamak\u2026<\/h2>\n<p><iframe loading=\"lazy\" src=\"https:\/\/www.youtube.com\/embed\/8Olm8TqE1fU?rel=0&amp;controls=0&amp;showinfo=0\" width=\"100%\" height=\"400\" frameborder=\"0\" allowfullscreen=\"allowfullscreen\"><\/iframe><br \/>\nFrans\u0131z perakende markas\u0131 <b>Monoprix<\/b>, 80&#8217;ler parodisi g\u00f6r\u00fcn\u00fcml\u00fc yeni reklam\u0131yla d\u00fcnyan\u0131n en k\u00f6t\u00fc \u015fark\u0131s\u0131n\u0131 yay\u0131nlad\u0131. Marka reklam filmi i\u00e7in d\u00fcnyan\u0131n en k\u00f6t\u00fc \u015fark\u0131s\u0131n\u0131 yaratmaya \u00e7al\u0131\u015fsa da ortaya hareketli ve iyi bir par\u00e7a \u00e7\u0131karm\u0131\u015f, \u00f6zellikle klibi kendini sonuna kadar izletiyor. \u015eark\u0131n\u0131n s\u00f6zlerinde m\u00fczik grubu dinleyene sesleniyor ve konu\u015fmaya ba\u015fl\u0131yor. Bu \u015fark\u0131y\u0131 neden dinledi\u011fini soruyor. Videonun sonunda sorunun cevab\u0131n\u0131 g\u00f6r\u00fcyoruz.<\/p>\n<hr \/>\n<h2>D\u00fcnyay\u0131 Burdan Kazmaya Ba\u015flasam Nerden \u00c7\u0131kar\u0131m?<\/h2>\n<p><img class=\"alignnone size-full wp-image-4556\" src=\"https:\/\/egegen.com\/blog\/wp-content\/uploads\/2018\/05\/dunyayi-burdan-kazmaya-baslasam-nerden-cikarim.png\" alt=\"D\u00fcnyay\u0131 Burdan Kazmaya Ba\u015flasam Nerden \u00c7\u0131kar\u0131m?\" width=\"928\" height=\"464\" \/><\/p>\n<p><b>Antipodes<\/b> <b>Map<\/b>, fiziksel olarak ba\u015faramasak da co\u011frafi konumumuzun tam kar\u015f\u0131t\u0131ndaki noktay\u0131 \u00e7\u0131karan bir etkile\u015fimli harita. Kara par\u00e7alar\u0131n\u0131n b\u00fcy\u00fck \u00e7o\u011funlu\u011fu Kuzey yar\u0131 k\u00fcrede bulundu\u011fu i\u00e7in Antipodes Map \u00fczerindeki denemelerin \u00e7o\u011fu okyanuslara \u00e7\u0131k\u0131yor. Yakla\u015f\u0131k %75\u2019i sularla kapl\u0131 olan bir gezegenden de aksini beklemek pek ger\u00e7ek\u00e7i olmazd\u0131. Fakat bunu deneyimlemek ve test etmek bile ba\u015fl\u0131 ba\u015f\u0131na bir beyin\u00a0jimnasti\u011fi yapt\u0131r\u0131yor.<\/p>\n<p>Ayr\u0131ca d\u00fcnyay\u0131 ortadan katlay\u0131nca \u00fcst \u00fcste gelen \u015fehirleri de listelemi\u015fler. Yani birbirleriyle tam olarak alt \u00fcst olan \u015fehirler bir hayli az. Tam olarak veya neredeyse simetrik olan toplam 16 nokta var. 15 noktada ise b\u00fcy\u00fck \u015fehirler birbirinin simetri\u011fi olmaya \u00e7ok yakla\u015f\u0131yor.<\/p>\n<hr \/>\n<h2>Duygusal \u0130htiya\u00e7lar Otomat\u0131<\/h2>\n<p><img class=\"alignnone size-full wp-image-4557\" src=\"https:\/\/egegen.com\/blog\/wp-content\/uploads\/2018\/05\/dunya-ihtiyaclar-otomati.png\" alt=\"Duygusal \u0130htiya\u00e7lar Otomat\u0131\" width=\"928\" height=\"464\" \/><\/p>\n<p>Elizabeth Commandeur ve Mark Starmach taraf\u0131ndan yarat\u0131lan &#8220;<b>Intangible<\/b> <b>Goods<\/b>&#8220;, g\u00f6z ard\u0131 etti\u011fimiz psikolojik ihtiya\u00e7lar ve ruh sa\u011fl\u0131\u011f\u0131 konusunda fark\u0131ndal\u0131k yaratmay\u0131 hedefliyor.<\/p>\n<p>Intang\u0131ble Goods (olmayan \u015feyler), <b>duygusal ihtiya\u00e7lar\u0131 <\/b>temel alan aperatifler sunuyor. Bunlar, \u201czihin i\u00e7in uygun \u015fekilde paketlenmi\u015f t\u00fcketim malzemeleri\u201d. Otomatlara da bu temalar etraf\u0131nda haz\u0131rlanm\u0131\u015f k\u00fc\u00e7\u00fck barlar ve paketler yerle\u015ftirilmi\u015f. Elbette \u201carkada\u015fl\u0131k\u201d paketi ald\u0131\u011f\u0131n\u0131zda sihirli bir \u015fekilde size bir arkada\u015f vermiyor ama yeni bir arkada\u015f edinmek i\u00e7in baz\u0131 ipu\u00e7lar\u0131 ve telkinler i\u00e7eriyor. Her bir paketin i\u00e7inde temaya uygun \u015fekilde sizi y\u00f6nlendiren haritalar, notlar, kalemler ve yaz\u0131l\u0131 komut benzeri \u015feyler bulunuyor.<\/p>\n<hr \/>\n<h2>Team Oscar, 5-6 May\u0131s\u2019ta \u0130zmir Dragon Festivali&#8217;nde!<\/h2>\n<p><img class=\"alignnone size-full wp-image-4561\" src=\"https:\/\/egegen.com\/blog\/wp-content\/uploads\/2018\/05\/egegen-5-6-mayista-dragon-festivalinde.jpg\" alt=\"egegen, 5-6 May\u0131s\u2019ta Dragon Festivalinde!\" width=\"628\" height=\"471\" \/><\/p>\n<p><strong>egegen<\/strong> ailesi, <strong>Team Oscar<\/strong> olarak 5-6 May\u0131s\u2019da <strong>\u0130zmir Dragon Festivali<\/strong>&#8216;nde! \u0130lk kez kat\u0131laca\u011f\u0131m\u0131z Dragon Festivali i\u00e7in antrenmanlar\u0131m\u0131z\u0131 tamamlad\u0131k. Nefeslerimizi tuttuk, 5-6 May\u0131s\u2019\u0131 bekliyoruz.<\/p>\n<p>Bu sene rekor kat\u0131l\u0131m\u0131n oldu\u011fu festivalde i\u015f d\u00fcnyas\u0131ndan g\u00fc\u00e7l\u00fc rakiplerimiz var. Biz de <strong>Team Oscar<\/strong> olarak egegen bayra\u011f\u0131n\u0131 \u0130nciralt\u0131\u2019nda dalgaland\u0131rmaya geliyoruz! Rakiplerimiz g\u00fc\u00e7l\u00fc, biz daha g\u00fc\u00e7l\u00fcy\u00fcz!<\/p>\n<p><img class=\"alignnone size-full wp-image-4562\" src=\"https:\/\/egegen.com\/blog\/wp-content\/uploads\/2018\/05\/egegen-5-6-mayista-dragon-festivalinde-2.png\" alt=\"egegen, 5-6 May\u0131s\u2019ta Dragon Festivalinde!\" width=\"628\" height=\"837\" \/><\/p>\n<h3>Dragon Festivali Hakk\u0131nda<\/h3>\n<p>\u0130lki 2008\u2019de ger\u00e7ekle\u015fen ve d\u00fcnyan\u0131n 3 b\u00fcy\u00fck festivalinden biri olan <strong>Dragon Festivali<\/strong>, T\u00fcrkiye\u2019deki kurumlar aras\u0131 ger\u00e7ekle\u015ftirilen en geni\u015f kapsaml\u0131 spor organizasyonu. Bu etkinlikte i\u015f d\u00fcnyas\u0131n\u0131n kurumsal \u015firketleri bir araya geliyor ve kano \u00fczerinde yar\u0131\u015f\u0131yor. Festival kano yar\u0131\u015f\u0131n\u0131n yan\u0131 s\u0131ra kost\u00fcm, dans gibi yar\u0131\u015fmalara da ev sahipli\u011fi yap\u0131yor. T\u00fcrkiye\u2019de \u0130stanbul ve \u0130zmir\u2019de d\u00fczenlenen festivalin \u0130zmir aya\u011f\u0131 5-6 May\u0131s\u2019da \u0130nciralt\u0131 Sahili\u2019nde d\u00fczenlenecek. <strong>\u0130zmir Dragon Festivali<\/strong>\u2019ne rekor kat\u0131l\u0131mla bu y\u0131l 53 kurum ba\u015fvuru yapt\u0131.<\/p>\n<p><img class=\"alignnone size-full wp-image-4563\" src=\"https:\/\/egegen.com\/blog\/wp-content\/uploads\/2018\/05\/egegen-5-6-mayista-dragon-festivalinde-3.png\" alt=\"egegen, 5-6 May\u0131s\u2019ta Dragon Festivalinde!\" width=\"628\" height=\"837\" \/><\/p>\n","protected":false},"excerpt":{"rendered":"<p>Dijital d\u00fcnyada ya\u015fananlar\u0131, sosyal medya platformlar\u0131ndaki yenilikleri, dijital reklamc\u0131l\u0131\u011f\u0131n etkileyici \u00f6rneklerini ve bizden haberleri bulabilece\u011finiz\u00a0egegen Trend Raporu\u00a0yedinci say\u0131s\u0131yla kar\u015f\u0131n\u0131zday\u0131z. Keyifli okumalar dileriz! Instagram Story\u2019e Portre Modu Geldi! iPhone 7 Plus ile tan\u0131\u015ft\u0131\u011f\u0131m\u0131z portre \u00f6zelli\u011fi, Instagram taraf\u0131ndan hikayeler kameras\u0131yla kullan\u0131c\u0131lara sunulmaya ba\u015fland\u0131. Instagram\u2019\u0131n daha \u00f6nceki g\u00fcncellemeler ile hikayelere getirdi\u011fi Superzoom, Boomerang \u00f6zelliklerinin yan\u0131na, bug\u00fcn Focus\u2019da eklendi. &hellip;<\/p>\n","protected":false},"author":20,"featured_media":4546,"comment_status":"open","ping_status":"open","sticky":false,"template":"","format":"standard","meta":[],"categories":[188],"tags":[],"_links":{"self":[{"href":"https:\/\/egegen.com\/blog\/wp-json\/wp\/v2\/posts\/4545"}],"collection":[{"href":"https:\/\/egegen.com\/blog\/wp-json\/wp\/v2\/posts"}],"about":[{"href":"https:\/\/egegen.com\/blog\/wp-json\/wp\/v2\/types\/post"}],"author":[{"embeddable":true,"href":"https:\/\/egegen.com\/blog\/wp-json\/wp\/v2\/users\/20"}],"replies":[{"embeddable":true,"href":"https:\/\/egegen.com\/blog\/wp-json\/wp\/v2\/comments?post=4545"}],"version-history":[{"count":2,"href":"https:\/\/egegen.com\/blog\/wp-json\/wp\/v2\/posts\/4545\/revisions"}],"predecessor-version":[{"id":8962,"href":"https:\/\/egegen.com\/blog\/wp-json\/wp\/v2\/posts\/4545\/revisions\/8962"}],"wp:featuredmedia":[{"embeddable":true,"href":"https:\/\/egegen.com\/blog\/wp-json\/wp\/v2\/media\/4546"}],"wp:attachment":[{"href":"https:\/\/egegen.com\/blog\/wp-json\/wp\/v2\/media?parent=4545"}],"wp:term":[{"taxonomy":"category","embeddable":true,"href":"https:\/\/egegen.com\/blog\/wp-json\/wp\/v2\/categories?post=4545"},{"taxonomy":"post_tag","embeddable":true,"href":"https:\/\/egegen.com\/blog\/wp-json\/wp\/v2\/tags?post=4545"}],"curies":[{"name":"wp","href":"https:\/\/api.w.org\/{rel}","templated":true}]}}