{"id":4505,"date":"2018-04-18T17:57:42","date_gmt":"2018-04-18T14:57:42","guid":{"rendered":"https:\/\/egegen.com\/blog\/?p=4505"},"modified":"2022-09-15T17:48:31","modified_gmt":"2022-09-15T14:48:31","slug":"instagram-hikayelerinizle-takipcilerinize-soru-sorabileceksiniz","status":"publish","type":"post","link":"https:\/\/egegen.com\/blog\/instagram-hikayelerinizle-takipcilerinize-soru-sorabileceksiniz\/","title":{"rendered":"Instagram Hikayelerinizle Takip\u00e7ilerinize Soru Sorabileceksiniz!"},"content":{"rendered":"<p>Instagram bir haftad\u0131r g\u00fcncellemelerini yo\u011funla\u015ft\u0131rm\u0131\u015f durumda. En son hafta ba\u015f\u0131nda yeni g\u00fcncellemesini yay\u0131nlayan uygulama, bir s\u00fcredir konu\u015fulan odaklama \u00f6zelli\u011fini kullan\u0131ma sunmu\u015ftu. Bu \u00f6zelli\u011fin herkes taraf\u0131ndan kullan\u0131labilir olmas\u0131n\u0131n yan\u0131 s\u0131ra, Instagram\u2019\u0131n bir dizi <strong>g\u00fcncelleme<\/strong> \u00fczerinde daha \u00e7al\u0131\u015ft\u0131\u011f\u0131 ortaya \u00e7\u0131kt\u0131. G\u00fcncelleme, App Store \u00fczerinden 40 s\u00fcr\u00fcm numaras\u0131yla yay\u0131nland\u0131 ve bu s\u00fcr\u00fcm\u00fcn ard\u0131ndan beta testlerinde <strong>Instagram<\/strong> Q&amp;A \u00e7\u0131kartmalar\u0131 \u00f6zelli\u011fi g\u00f6r\u00fcld\u00fc.<\/p>\n<h2>Instagram 40 S\u00fcr\u00fcm\u00fcyle Neler Geldi?<\/h2>\n<p>\u0130lk olarak yeni g\u00fcncelleme olan <strong>Instagram<\/strong> 40 s\u00fcr\u00fcm\u00fcnden s\u00f6z edelim. Bu s\u00fcr\u00fcm, \u00e7ok \u00f6nemli de\u011fi\u015fiklikler getirmedi. Genel olarak odaklama modunun hatalar\u0131 giderildi ve son d\u00f6nemde ya\u015fanan sorunlar, yeni g\u00fcncellemelerin baz\u0131 cihazlara gelmemesi gibi s\u0131k\u0131nt\u0131lar ortadan kald\u0131r\u0131ld\u0131. G\u00fcncelleme b\u00fcy\u00fck yenilikler sunmuyor. Fakat bu s\u00fcr\u00fcm sonras\u0131nda beta test b\u00f6l\u00fcm\u00fcne yeni \u00f6zellikler eklendi. Bu \u00f6zelliklerden birisi de Instagram Q&amp;A \u00e7\u0131kartmalar\u0131.<\/p>\n<h2>Instagram Q&amp;A \u00c7\u0131kartmalar\u0131 Nedir?<\/h2>\n<p>Yine hikayeler b\u00f6l\u00fcm\u00fc i\u00e7in yay\u0131nlanaca\u011f\u0131 belirtilen g\u00fcncelleme, hikayeler payla\u015f\u0131mlar\u0131na \u00e7\u0131kartma ekleyebilmenizi sa\u011flayacak. Instagram Q&amp;A \u00e7\u0131kartmas\u0131 sayesinde <strong>takip\u00e7ilerinize<\/strong> istedi\u011finiz sorular\u0131 sorabileceksiniz. <strong>Instagram Q&amp;A \u00e7\u0131kartmalar\u0131<\/strong> i\u00e7in bir payla\u015f\u0131m olu\u015fturdu\u011funuzda, \u00e7\u0131karma i\u00e7erisine istedi\u011finiz herhangi bir soruyu yazabileceksiniz.<\/p>\n<p><img class=\"size-full wp-image-4507 aligncenter\" src=\"https:\/\/egegen.com\/blog\/wp-content\/uploads\/2018\/04\/instagram-soru-cevap-cikartmasi-2.jpg\" alt=\"Instagram Hikayelerinizle Takip\u00e7ilerinize Soru Sorabileceksiniz!\" width=\"555\" height=\"348\" \/><\/p>\n<p>Sorunuzu olu\u015fturduktan sonra metin kutusunun arka plan\u0131n\u0131 ve yaz\u0131 renklerini d\u00fczenleyebileceksiniz. Soru s\u0131n\u0131r\u0131 ise bulunmayacak. Takip\u00e7ilere soru sorma olana\u011f\u0131 tan\u0131yan \u00e7\u0131kartmayla kullan\u0131c\u0131lar\u0131n verdi\u011fi cevaplar gizli tutulacak. Cevaplar\u0131 sadece soruyu olu\u015fturan kullan\u0131c\u0131 g\u00f6rebilecek. Bu bilgilerin d\u0131\u015f\u0131nda <strong>Instagram Q&amp;A<\/strong> \u00e7\u0131kartmalar\u0131 g\u00fcncellemesinin ne zaman gelece\u011fi ise kesin de\u011fil. Beta testlerinin ba\u015far\u0131l\u0131 olmas\u0131 durumunda, g\u00fcncellemenin bir sonraki s\u00fcr\u00fcmde yay\u0131nlanmas\u0131 bekleniyor. \u015eimdilik <strong>iOS<\/strong> cihazlar\u0131 i\u00e7in konu\u015fulan yeni \u00f6zelli\u011fin, Android cihazlara da gelip gelmeyece\u011fi ise bilinmiyor.<\/p>\n","protected":false},"excerpt":{"rendered":"<p>Instagram bir haftad\u0131r g\u00fcncellemelerini yo\u011funla\u015ft\u0131rm\u0131\u015f durumda. En son hafta ba\u015f\u0131nda yeni g\u00fcncellemesini yay\u0131nlayan uygulama, bir s\u00fcredir konu\u015fulan odaklama \u00f6zelli\u011fini kullan\u0131ma sunmu\u015ftu. Bu \u00f6zelli\u011fin herkes taraf\u0131ndan kullan\u0131labilir olmas\u0131n\u0131n yan\u0131 s\u0131ra, Instagram\u2019\u0131n bir dizi g\u00fcncelleme \u00fczerinde daha \u00e7al\u0131\u015ft\u0131\u011f\u0131 ortaya \u00e7\u0131kt\u0131. G\u00fcncelleme, App Store \u00fczerinden 40 s\u00fcr\u00fcm numaras\u0131yla yay\u0131nland\u0131 ve bu s\u00fcr\u00fcm\u00fcn ard\u0131ndan beta testlerinde Instagram Q&amp;A \u00e7\u0131kartmalar\u0131 &hellip;<\/p>\n","protected":false},"author":1,"featured_media":4506,"comment_status":"open","ping_status":"open","sticky":false,"template":"","format":"standard","meta":[],"categories":[176],"tags":[],"_links":{"self":[{"href":"https:\/\/egegen.com\/blog\/wp-json\/wp\/v2\/posts\/4505"}],"collection":[{"href":"https:\/\/egegen.com\/blog\/wp-json\/wp\/v2\/posts"}],"about":[{"href":"https:\/\/egegen.com\/blog\/wp-json\/wp\/v2\/types\/post"}],"author":[{"embeddable":true,"href":"https:\/\/egegen.com\/blog\/wp-json\/wp\/v2\/users\/1"}],"replies":[{"embeddable":true,"href":"https:\/\/egegen.com\/blog\/wp-json\/wp\/v2\/comments?post=4505"}],"version-history":[{"count":0,"href":"https:\/\/egegen.com\/blog\/wp-json\/wp\/v2\/posts\/4505\/revisions"}],"wp:featuredmedia":[{"embeddable":true,"href":"https:\/\/egegen.com\/blog\/wp-json\/wp\/v2\/media\/4506"}],"wp:attachment":[{"href":"https:\/\/egegen.com\/blog\/wp-json\/wp\/v2\/media?parent=4505"}],"wp:term":[{"taxonomy":"category","embeddable":true,"href":"https:\/\/egegen.com\/blog\/wp-json\/wp\/v2\/categories?post=4505"},{"taxonomy":"post_tag","embeddable":true,"href":"https:\/\/egegen.com\/blog\/wp-json\/wp\/v2\/tags?post=4505"}],"curies":[{"name":"wp","href":"https:\/\/api.w.org\/{rel}","templated":true}]}}