{"id":4480,"date":"2018-04-11T16:32:44","date_gmt":"2018-04-11T13:32:44","guid":{"rendered":"https:\/\/egegen.com\/blog\/?p=4480"},"modified":"2022-09-15T17:48:33","modified_gmt":"2022-09-15T14:48:33","slug":"instagram-hikayelerine-portre-modu-ozelligi-geldi","status":"publish","type":"post","link":"https:\/\/egegen.com\/blog\/instagram-hikayelerine-portre-modu-ozelligi-geldi\/","title":{"rendered":"Instagram Hikayelerine Portre Modu \u00d6zelli\u011fi Geldi!"},"content":{"rendered":"<p>Ge\u00e7ti\u011fimiz Mart ay\u0131nda bir kullan\u0131c\u0131 taraf\u0131ndan Instagram\u2019\u0131n Android Uygulama Paketi\u2019nde (APK) hikayeler kameras\u0131na bir portre \u00e7ekim tu\u015fu gizlendi\u011fi fark edilmi\u015fti. Uygulaman\u0131n bu \u00f6zelli\u011fi ne zaman yay\u0131nlayaca\u011f\u0131 merakla bekleniyordu. iPhone 7 Plus ile tan\u0131\u015ft\u0131\u011f\u0131m\u0131z s\u00f6z konusu portre \u00f6zelli\u011fi, bug\u00fcn <strong>Instagram <\/strong>taraf\u0131ndan <strong>hikayeler<\/strong> kameras\u0131yla kullan\u0131c\u0131lara sunulmaya ba\u015fland\u0131.<\/p>\n<p>Instagram\u2019\u0131n daha \u00f6nceki g\u00fcncellemeler ile hikayelere getirdi\u011fi <strong>Superzoom<\/strong>, <strong>Boomerang<\/strong>\u00a0\u00f6zelliklerinin yan\u0131na, bug\u00fcn Focus\u2019da eklendi. Instagram kameras\u0131n\u0131n<strong>\u00a0Focus<\/strong>\u00a0\u00f6zelli\u011fi kullan\u0131larak portre \u00e7ekimler yap\u0131labiliyor. Kullan\u0131c\u0131ya telefon kameras\u0131ndan ba\u011f\u0131ms\u0131z olarak portre modunda \u00e7ekim yapma \u00f6zg\u00fcrl\u00fc\u011f\u00fc sunan Focus \u00f6zelli\u011fi, kadraja giren y\u00fcze odaklanarak arka plan\u0131 hafif\u00e7e bulan\u0131kla\u015ft\u0131r\u0131yor ve ki\u015fiyi \u00f6n plana \u00e7\u0131kart\u0131yor. Di\u011fer t\u00fcm hikayeler kamera formatlar\u0131nda oldu\u011fu gibi, Focus modu ile \u00e7ekilen foto\u011fraflara da filtre, \u00e7\u0131kartma ve yaz\u0131 eklenebiliyor. Hen\u00fcz t\u00fcm telefonlara gelmeyen bu \u00f6zelli\u011fin birka\u00e7 g\u00fcn i\u00e7inde t\u00fcm \u0130OS ve Android kullan\u0131c\u0131lar\u0131na sunulmas\u0131 bekleniyor.<\/p>\n<p>G\u00fcncelleme ile\u00a0<strong>Focus<\/strong>\u00a0modunun yan\u0131 s\u0131ra hikayelere ki\u015fi etiketlemesi de yap\u0131labiliyor. Bir\u00e7ok sosyal medya kanal\u0131nda kullan\u0131lan\u00a0<strong>@mention<\/strong>\u00a0\u00f6zelli\u011fi Instagram hikayeler de kullan\u0131lam\u0131yordu. Kullan\u0131c\u0131lar art\u0131k hikayeler format\u0131nda foto\u011fraf veya video \u00e7ektikten sonra \u00e7\u0131kartmalar aras\u0131ndan <strong>@bahset<\/strong> \u00e7\u0131kartmas\u0131n\u0131 se\u00e7erek hikayelerinde ba\u015fka bir hesab\u0131 kolayl\u0131kla etiketleyebiliyor.<\/p>\n","protected":false},"excerpt":{"rendered":"<p>Ge\u00e7ti\u011fimiz Mart ay\u0131nda bir kullan\u0131c\u0131 taraf\u0131ndan Instagram\u2019\u0131n Android Uygulama Paketi\u2019nde (APK) hikayeler kameras\u0131na bir portre \u00e7ekim tu\u015fu gizlendi\u011fi fark edilmi\u015fti. Uygulaman\u0131n bu \u00f6zelli\u011fi ne zaman yay\u0131nlayaca\u011f\u0131 merakla bekleniyordu. iPhone 7 Plus ile tan\u0131\u015ft\u0131\u011f\u0131m\u0131z s\u00f6z konusu portre \u00f6zelli\u011fi, bug\u00fcn Instagram taraf\u0131ndan hikayeler kameras\u0131yla kullan\u0131c\u0131lara sunulmaya ba\u015fland\u0131. Instagram\u2019\u0131n daha \u00f6nceki g\u00fcncellemeler ile hikayelere getirdi\u011fi Superzoom, Boomerang\u00a0\u00f6zelliklerinin yan\u0131na, &hellip;<\/p>\n","protected":false},"author":1,"featured_media":4481,"comment_status":"open","ping_status":"open","sticky":false,"template":"","format":"standard","meta":[],"categories":[176],"tags":[],"_links":{"self":[{"href":"https:\/\/egegen.com\/blog\/wp-json\/wp\/v2\/posts\/4480"}],"collection":[{"href":"https:\/\/egegen.com\/blog\/wp-json\/wp\/v2\/posts"}],"about":[{"href":"https:\/\/egegen.com\/blog\/wp-json\/wp\/v2\/types\/post"}],"author":[{"embeddable":true,"href":"https:\/\/egegen.com\/blog\/wp-json\/wp\/v2\/users\/1"}],"replies":[{"embeddable":true,"href":"https:\/\/egegen.com\/blog\/wp-json\/wp\/v2\/comments?post=4480"}],"version-history":[{"count":0,"href":"https:\/\/egegen.com\/blog\/wp-json\/wp\/v2\/posts\/4480\/revisions"}],"wp:featuredmedia":[{"embeddable":true,"href":"https:\/\/egegen.com\/blog\/wp-json\/wp\/v2\/media\/4481"}],"wp:attachment":[{"href":"https:\/\/egegen.com\/blog\/wp-json\/wp\/v2\/media?parent=4480"}],"wp:term":[{"taxonomy":"category","embeddable":true,"href":"https:\/\/egegen.com\/blog\/wp-json\/wp\/v2\/categories?post=4480"},{"taxonomy":"post_tag","embeddable":true,"href":"https:\/\/egegen.com\/blog\/wp-json\/wp\/v2\/tags?post=4480"}],"curies":[{"name":"wp","href":"https:\/\/api.w.org\/{rel}","templated":true}]}}