{"id":4379,"date":"2018-03-23T14:06:31","date_gmt":"2018-03-23T11:06:31","guid":{"rendered":"https:\/\/egegen.com\/blog\/?p=4379"},"modified":"2022-09-15T17:48:42","modified_gmt":"2022-09-15T14:48:42","slug":"facebookun-alisveris-platformu-marketplace-turkiyede","status":"publish","type":"post","link":"https:\/\/egegen.com\/blog\/facebookun-alisveris-platformu-marketplace-turkiyede\/","title":{"rendered":"Facebook\u2019un Al\u0131\u015fveri\u015f Platformu Marketplace T\u00fcrkiye\u2019de!"},"content":{"rendered":"<p>Facebook\u2019un kendi i\u00e7inde \u00fcr\u00fcn al\u0131m sat\u0131m\u0131n\u0131 sa\u011flayan \u00fccretsiz <strong>al\u0131\u015fveri\u015f platformu <\/strong>olan<strong> Marketplace<\/strong> T\u00fcrkiye\u2019de kullan\u0131ma sunuldu. Facebook\u00a0i\u00e7inde \u00fcr\u00fcnlerin al\u0131m sat\u0131m\u0131n\u0131 tek yerde toplayarak kullan\u0131c\u0131lara kolayl\u0131k tan\u0131yan \u00a0Marketplace, T\u00fcrkiye ile beraber 64 \u00fclkede kullan\u0131l\u0131yor ve yurt d\u0131\u015f\u0131nda 700 milyondan fazla kullan\u0131c\u0131ya sahip.<\/p>\n<p>Facebook Marketplace \u00dcr\u00fcn Y\u00f6netimi Direkt\u00f6r\u00fc\u00a0Karandeep Anand\u00a0konuyla ilgili \u015fu a\u00e7\u0131klamay\u0131 yapt\u0131: \u201cBug\u00fcn yerel \u00fcr\u00fcnleri ke\u015ffetmeyi, almay\u0131 ve satmay\u0131 Facebook \u00fczerinde tek bir \u00e7at\u0131 alt\u0131nda toplayarak kolayla\u015ft\u0131ran Marketplace platformunu T\u00fcrkiye\u2019de kullan\u0131ma sunuyoruz. \u0130nsanlar\u0131n h\u00e2lihaz\u0131rda Facebook\u2019u kendi topluluklar\u0131 i\u00e7inde \u00fcr\u00fcn al\u0131m sat\u0131m\u0131 i\u00e7in kulland\u0131\u011f\u0131n\u0131 biliyoruz ve Marketplace ile art\u0131k bunu \u00e7ok daha kolayla\u015ft\u0131r\u0131yoruz.\u201d<\/p>\n<h2>Hen\u00fcz t\u00fcm kullan\u0131c\u0131lara eri\u015filmedi<\/h2>\n<p><img class=\"alignnone wp-image-4380 size-full\" src=\"https:\/\/egegen.com\/blog\/wp-content\/uploads\/2018\/03\/facebook-kullanici-erisimi.png\" alt=\"Hen\u00fcz t\u00fcm kullan\u0131c\u0131lara eri\u015filmedi\" width=\"696\" height=\"262\" \/><\/p>\n<p>T\u00fcrkiye\u2019de yeni hizmet vermeye ba\u015flayan \u00fccretsiz al\u0131\u015fveri\u015f platformuna eri\u015fmek isteyen\u00a0 baz\u0131 kullan\u0131c\u0131lar \u015fu an i\u00e7in uyar\u0131 mesaj\u0131yla kar\u015f\u0131la\u015f\u0131yor. Hizmet a\u015famal\u0131 olarak devreye sokuldu\u011fu i\u00e7in hen\u00fcz t\u00fcm kullan\u0131c\u0131lara eri\u015filemedi. Hizmetin birka\u00e7 g\u00fcn i\u00e7inde tamamen aktif olmas\u0131 bekleniyor.<\/p>\n<h2>Marketplace Nas\u0131l Kullan\u0131l\u0131r?<\/h2>\n<p>Facebook \u00fczerinden al\u0131\u015fveri\u015f yapmak ya da \u00fcr\u00fcn satmak isteyen kullan\u0131c\u0131lar\u0131n platformu kullanmas\u0131 i\u00e7in yapmas\u0131 gereken yaln\u0131zca <strong>Facebook<\/strong> \u00fczerindeki <strong>Marketplace<\/strong> simgesine t\u0131klamak. Kullan\u0131c\u0131lar\u0131n arad\u0131klar\u0131 \u00fcr\u00fcn\u00fc daha rahat bulabilmesi i\u00e7in \u00fcr\u00fcnler ev ve bah\u00e7e, konut, e\u011flence, giyim ve aksesuar, aile, elektronik, hobiler, ara\u00e7lar ve seri ilanlar olmak \u00fczere 9 farkl\u0131\u00a0kategoriye ayr\u0131lm\u0131\u015f. Direkt olarak arad\u0131\u011f\u0131n\u0131z \u00fcr\u00fcn\u00fc yazarak arama yapabilece\u011finiz bir arama butonu da mevcut. \u0130sterseniz arama sonu\u00e7lar\u0131n\u0131 yer, kategori ya da fiyata g\u00f6re filtreleyebiliyorsunuz. \u00dcr\u00fcn sat\u0131\u015f\u0131 yapmak i\u00e7inse tek yapman\u0131z gereken \u00fcr\u00fcn\u00fcn foto\u011fraf\u0131n\u0131 \u00e7ekerek alt\u0131na bir a\u00e7\u0131klama ve fiyatla birlikte payla\u015fmak. Al\u0131c\u0131 ve sat\u0131c\u0131lar Messenger sayesinde kolayl\u0131kla birbirleriyle ileti\u015fim sa\u011flayabiliyor.<\/p>\n<h2>Sahibinden ve Letgo\u2019ya Rakip Olabilir mi?<\/h2>\n<p>Son 3 ay i\u00e7indeki verilere g\u00f6re ara\u00e7, mobilya ve\u00a0elektronik\/bilgisayar\u00a0kategorileri insanlar\u0131n birbirleriyle en \u00e7ok etkile\u015fime ge\u00e7ti\u011fi ilk \u00fc\u00e7 kategori olmu\u015f. <strong>Marketplace<\/strong>, \u00a0\u00f6n\u00fcm\u00fczdeki g\u00fcnlerde Letgo gibi al\u0131m sat\u0131m hizmeti sunan isimlere \u00f6zellikle konut ve ara\u00e7 kategorileri ile Sahibinden\u2019e\u00a0 rakip olacak gibi g\u00f6z\u00fck\u00fcyor.<\/p>\n","protected":false},"excerpt":{"rendered":"<p>Facebook\u2019un kendi i\u00e7inde \u00fcr\u00fcn al\u0131m sat\u0131m\u0131n\u0131 sa\u011flayan \u00fccretsiz al\u0131\u015fveri\u015f platformu olan Marketplace T\u00fcrkiye\u2019de kullan\u0131ma sunuldu. Facebook\u00a0i\u00e7inde \u00fcr\u00fcnlerin al\u0131m sat\u0131m\u0131n\u0131 tek yerde toplayarak kullan\u0131c\u0131lara kolayl\u0131k tan\u0131yan \u00a0Marketplace, T\u00fcrkiye ile beraber 64 \u00fclkede kullan\u0131l\u0131yor ve yurt d\u0131\u015f\u0131nda 700 milyondan fazla kullan\u0131c\u0131ya sahip. Facebook Marketplace \u00dcr\u00fcn Y\u00f6netimi Direkt\u00f6r\u00fc\u00a0Karandeep Anand\u00a0konuyla ilgili \u015fu a\u00e7\u0131klamay\u0131 yapt\u0131: \u201cBug\u00fcn yerel \u00fcr\u00fcnleri ke\u015ffetmeyi, almay\u0131 &hellip;<\/p>\n","protected":false},"author":1,"featured_media":4381,"comment_status":"open","ping_status":"open","sticky":false,"template":"","format":"standard","meta":[],"categories":[176],"tags":[],"_links":{"self":[{"href":"https:\/\/egegen.com\/blog\/wp-json\/wp\/v2\/posts\/4379"}],"collection":[{"href":"https:\/\/egegen.com\/blog\/wp-json\/wp\/v2\/posts"}],"about":[{"href":"https:\/\/egegen.com\/blog\/wp-json\/wp\/v2\/types\/post"}],"author":[{"embeddable":true,"href":"https:\/\/egegen.com\/blog\/wp-json\/wp\/v2\/users\/1"}],"replies":[{"embeddable":true,"href":"https:\/\/egegen.com\/blog\/wp-json\/wp\/v2\/comments?post=4379"}],"version-history":[{"count":0,"href":"https:\/\/egegen.com\/blog\/wp-json\/wp\/v2\/posts\/4379\/revisions"}],"wp:featuredmedia":[{"embeddable":true,"href":"https:\/\/egegen.com\/blog\/wp-json\/wp\/v2\/media\/4381"}],"wp:attachment":[{"href":"https:\/\/egegen.com\/blog\/wp-json\/wp\/v2\/media?parent=4379"}],"wp:term":[{"taxonomy":"category","embeddable":true,"href":"https:\/\/egegen.com\/blog\/wp-json\/wp\/v2\/categories?post=4379"},{"taxonomy":"post_tag","embeddable":true,"href":"https:\/\/egegen.com\/blog\/wp-json\/wp\/v2\/tags?post=4379"}],"curies":[{"name":"wp","href":"https:\/\/api.w.org\/{rel}","templated":true}]}}