{"id":4345,"date":"2018-03-13T14:30:57","date_gmt":"2018-03-13T11:30:57","guid":{"rendered":"https:\/\/egegen.com\/blog\/?p=4345"},"modified":"2022-09-15T17:48:45","modified_gmt":"2022-09-15T14:48:45","slug":"instagram-kronolojik-ana-sayfa-duzenini-geri-getirmeye-hazirlaniyor","status":"publish","type":"post","link":"https:\/\/egegen.com\/blog\/instagram-kronolojik-ana-sayfa-duzenini-geri-getirmeye-hazirlaniyor\/","title":{"rendered":"Instagram Kronolojik Ana Sayfa D\u00fczenini Geri Getirmeye Haz\u0131rlan\u0131yor!"},"content":{"rendered":"<p><strong>Instagram<\/strong> ge\u00e7ti\u011fimiz y\u0131llarda, kronolojik haber kayna\u011f\u0131nda de\u011fi\u015fikli\u011fe giderek \u00e7ok tart\u0131\u015f\u0131lan bir algoritmik haber kayna\u011f\u0131 bi\u00e7imini kullan\u0131ma sunmu\u015ftu. \u0130lgi d\u00fczeyine g\u00f6re olu\u015fturulan haber kayna\u011f\u0131ndaki g\u00f6nderiler kullan\u0131c\u0131lar aras\u0131nda olduk\u00e7a a\u011f\u0131r bir ters tepkiyle sonu\u00e7land\u0131.<\/p>\n<p><strong>Facebook<\/strong> haber kayna\u011f\u0131ndan daha farkl\u0131 olmas\u0131n\u0131 ve kullan\u0131c\u0131lar\u0131n daha iyi vakit ge\u00e7irmelerini sa\u011flamak i\u00e7in kald\u0131r\u0131lan kronolojik haber kayna\u011f\u0131 d\u00fczeni yerine alaka d\u00fczeyine g\u00f6re yeni bir yap\u0131 getirilmi\u015fti. Bu yap\u0131 ile g\u00f6nderilerin payla\u015f\u0131ld\u0131\u011f\u0131 saat ve tarihten ba\u011f\u0131ms\u0131z olarak kullan\u0131c\u0131lar\u0131n en \u00e7ok etkile\u015fime girdikleri di\u011fer kullan\u0131c\u0131lar\u0131n g\u00f6nderileri haber kayna\u011f\u0131n\u0131n en \u00fcst\u00fcnde yer al\u0131yordu.<\/p>\n<p>Bu algoritmik d\u00fczen hem Instagram hem de kullan\u0131c\u0131lar taraf\u0131ndan ilk ba\u015fta b\u00fcy\u00fck bir heyecanla kar\u015f\u0131land\u0131. Ancak bu d\u00fczen beraberinde birtak\u0131m ciddi problemleri getirdi. \u0130lk olarak yeni algoritma sebebiyle uygulama kapat\u0131l\u0131p a\u00e7\u0131ld\u0131\u011f\u0131nda yak\u0131ndan takip etti\u011finiz bir hesab\u0131n g\u00f6nderisini g\u00f6remiyorken, nadiren takip etti\u011finiz ba\u015fka bir hesab\u0131n g\u00f6nderisini ana sayfan\u0131n en \u00fcst\u00fcnde g\u00f6rebiliyorsunuz.<\/p>\n<p>Bunun yan\u0131 s\u0131ra algoritma, ayn\u0131 hesab\u0131n g\u00f6nderilerinde de kar\u0131\u015f\u0131kl\u0131k yarat\u0131yor. \u00d6rne\u011fin yak\u0131n takipte oldu\u011funuz bir hesab\u0131n g\u00fcnler \u00f6nceki g\u00f6nderisini bir saat \u00f6nce yapt\u0131\u011f\u0131 g\u00f6nderi payla\u015f\u0131m\u0131ndan \u00f6nce g\u00f6rebilmenize sebep oluyor. Hatta takip etti\u011finiz ki\u015fi say\u0131s\u0131 fazla ise baz\u0131 hesaplar\u0131n payla\u015f\u0131mlar\u0131 ana sayfada kayboluyor ve bu payla\u015f\u0131mlar\u0131 hi\u00e7 g\u00f6remiyorsunuz.<\/p>\n<p>Algoritman\u0131n bir sonucu olarak etkile\u015fim oranlar\u0131ndaki d\u00fc\u015f\u00fc\u015f de Instagram kullan\u0131c\u0131lar\u0131n \u015fikayetlerine sebep oldu. Instagram bu \u015fikayetleri duymu\u015f olacak ki kronolojik ana sayfa d\u00fczenini geri getirmeye haz\u0131rlan\u0131yor. Hen\u00fcz test a\u015famas\u0131nda olan eski d\u00fczen ile g\u00f6nderiler payla\u015f\u0131m saatlerine g\u00f6re s\u0131ralanacak ve g\u00f6nderi payla\u015f\u0131m\u0131 yapan hesap ile olan etkile\u015fim g\u00f6z \u00f6n\u00fcnde bulundurulmayacak.<\/p>\n","protected":false},"excerpt":{"rendered":"<p>Instagram ge\u00e7ti\u011fimiz y\u0131llarda, kronolojik haber kayna\u011f\u0131nda de\u011fi\u015fikli\u011fe giderek \u00e7ok tart\u0131\u015f\u0131lan bir algoritmik haber kayna\u011f\u0131 bi\u00e7imini kullan\u0131ma sunmu\u015ftu. \u0130lgi d\u00fczeyine g\u00f6re olu\u015fturulan haber kayna\u011f\u0131ndaki g\u00f6nderiler kullan\u0131c\u0131lar aras\u0131nda olduk\u00e7a a\u011f\u0131r bir ters tepkiyle sonu\u00e7land\u0131. Facebook haber kayna\u011f\u0131ndan daha farkl\u0131 olmas\u0131n\u0131 ve kullan\u0131c\u0131lar\u0131n daha iyi vakit ge\u00e7irmelerini sa\u011flamak i\u00e7in kald\u0131r\u0131lan kronolojik haber kayna\u011f\u0131 d\u00fczeni yerine alaka d\u00fczeyine g\u00f6re &hellip;<\/p>\n","protected":false},"author":1,"featured_media":4346,"comment_status":"open","ping_status":"open","sticky":false,"template":"","format":"standard","meta":[],"categories":[176],"tags":[],"_links":{"self":[{"href":"https:\/\/egegen.com\/blog\/wp-json\/wp\/v2\/posts\/4345"}],"collection":[{"href":"https:\/\/egegen.com\/blog\/wp-json\/wp\/v2\/posts"}],"about":[{"href":"https:\/\/egegen.com\/blog\/wp-json\/wp\/v2\/types\/post"}],"author":[{"embeddable":true,"href":"https:\/\/egegen.com\/blog\/wp-json\/wp\/v2\/users\/1"}],"replies":[{"embeddable":true,"href":"https:\/\/egegen.com\/blog\/wp-json\/wp\/v2\/comments?post=4345"}],"version-history":[{"count":0,"href":"https:\/\/egegen.com\/blog\/wp-json\/wp\/v2\/posts\/4345\/revisions"}],"wp:featuredmedia":[{"embeddable":true,"href":"https:\/\/egegen.com\/blog\/wp-json\/wp\/v2\/media\/4346"}],"wp:attachment":[{"href":"https:\/\/egegen.com\/blog\/wp-json\/wp\/v2\/media?parent=4345"}],"wp:term":[{"taxonomy":"category","embeddable":true,"href":"https:\/\/egegen.com\/blog\/wp-json\/wp\/v2\/categories?post=4345"},{"taxonomy":"post_tag","embeddable":true,"href":"https:\/\/egegen.com\/blog\/wp-json\/wp\/v2\/tags?post=4345"}],"curies":[{"name":"wp","href":"https:\/\/api.w.org\/{rel}","templated":true}]}}