{"id":418,"date":"2015-08-19T14:43:23","date_gmt":"2015-08-19T11:43:23","guid":{"rendered":"https:\/\/egegen.com\/blog\/?p=418"},"modified":"2017-03-13T11:48:31","modified_gmt":"2017-03-13T08:48:31","slug":"etkili-bir-linkedin-profili-icin-ipuclari","status":"publish","type":"post","link":"https:\/\/egegen.com\/blog\/etkili-bir-linkedin-profili-icin-ipuclari\/","title":{"rendered":"Etkili Bir Linkedin Profili \u0130\u00e7in \u0130pu\u00e7lar\u0131"},"content":{"rendered":"<p>Linkedin i\u015f hayat\u0131ndaki profesyonellerin ya da i\u015f hayat\u0131na at\u0131lmak \u00fczere olan \u00f6\u011frencilerin kulland\u0131\u011f\u0131 dijital mecralardan birisi. Di\u011ferlerinden en b\u00fcy\u00fck fark\u0131 ise kurumsal olmas\u0131. Linkedin kullan\u0131c\u0131lar\u0131n\u0131n \u00fcye say\u0131s\u0131n\u0131n giderek artmas\u0131 ile beraber \u201cBuras\u0131 Facebook de\u011fil!\u201d\u015feklinde yak\u0131nmalar\u0131 ise ayn\u0131 \u015fekilde artm\u0131\u015f durumda. Peki Linkedin kullan\u0131rken s\u0131kl\u0131kla yap\u0131lan yanl\u0131\u015flar neler?<!--more--><\/p>\n<p><strong>Yaz\u0131m hatalar\u0131ndan ka\u00e7\u0131n\u0131n.<\/strong><\/p>\n<p>Profilinizde yer alan metinleri kontrol edin. G\u00f6z\u00fcn\u00fczden ka\u00e7an yaz\u0131m hatalar\u0131n\u0131 d\u00fczeltmeniz profesyonel bir Linkedin profili olu\u015fturman\u0131z i\u00e7in en \u00f6nemli noktalardan birisi. Linkedin\u2019de yaz\u0131m denetleyicisi bulunmuyor. Bu y\u00fczden yaz\u0131lar\u0131n\u0131z\u0131 g\u00f6zden ge\u00e7irmenizde fayda var.<\/p>\n<p><strong>Profil Foto\u011fraf\u0131 Ekleyin<\/strong><\/p>\n<p>Linkedin\u2019de profil foto\u011fraf\u0131 eklemeyi ihmal etmeyin. Ara\u015ft\u0131rmalar profil foto\u011fraf\u0131 bulunan kullan\u0131c\u0131 profillerinin Linkedin\u2019de daha \u00e7ok ziyaret edildi\u011fini g\u00f6steriyor.<\/p>\n<p>Linkedin, profil foto\u011fraf\u0131 bulunan hesaplar\u0131n 14 kat daha fazla g\u00f6r\u00fcnt\u00fclendi\u011fini belirtiyor.<\/p>\n<p>Profil foto\u011fraf\u0131 eklerken Linkedin\u2019in yap\u0131s\u0131na uygun bir foto\u011fraf se\u00e7in. Facebook ya da Instagram ile kar\u0131\u015ft\u0131rmay\u0131n. Facebook\u2019un ki\u015fisel,\u00a0 Linkedin\u2019in ise profesyonel bir foto\u011frafa ihtiyac\u0131 var. Facebook\u2019tan s\u00f6z etmi\u015fken, Linkedin profilinizde Facebook hesab\u0131n\u0131z\u0131n url\u2019sine yer vermeyin. \u0130ki mecray\u0131 ayr\u0131 tutmak her zaman daha yararl\u0131 olacakt\u0131r.<\/p>\n<p><strong>Arka Plan Foto\u011fraf\u0131 Ekleyin. <\/strong><\/p>\n<p>Linkedin ,background\u2019unuza foto\u011fraf ekleme imkan\u0131n\u0131 kullan\u0131c\u0131lara sunuyor.\u00a0 Bu foto\u011fraflar\u0131 se\u00e7erken \u00e7al\u0131\u015ft\u0131\u011f\u0131n\u0131z sekt\u00f6r\u00fc anlatan ya da markan\u0131zla \u00f6zde\u015fle\u015fen foto\u011fraflar\u0131 tercih edebilirsiniz. Se\u00e7ti\u011finiz g\u00f6rselin boyutlar\u0131na dikkat edin ve boyutlar\u0131 uymad\u0131\u011f\u0131 i\u00e7in g\u00f6rselin d\u00fc\u015f\u00fck kalitede piksel piksel bir g\u00f6r\u00fcn\u00fcme sahip olmas\u0131n\u0131 engelleyin.<\/p>\n<p><strong>Profil Ba\u015fl\u0131\u011f\u0131n\u0131zda A\u00e7\u0131klay\u0131c\u0131 Olun<\/strong><\/p>\n<p>Profilinizin detaylar\u0131ndan \u00f6nce \u00fcnvan\u0131n\u0131zda a\u00e7\u0131klay\u0131c\u0131 olmal\u0131s\u0131n\u0131z. \u00d6rne\u011fin Ege \u00dcniversitesi \u00d6\u011frenci demek yerine hangi fak\u00fclte ve b\u00f6l\u00fcmde oldu\u011funuzun bilgilerini eksiksiz olarak payla\u015fmal\u0131s\u0131n\u0131z. Yeni Mezun demek yerine hangi alanda e\u011fitim g\u00f6rd\u00fc\u011f\u00fcn\u00fcz\u00fc veya i\u015f tekliflerine a\u00e7\u0131k derken istedi\u011finiz alan\u0131 belirtmeniz daha sa\u011fl\u0131kl\u0131 olacakt\u0131r.<\/p>\n<p><strong>Url\u2019nizi olu\u015fturun. <\/strong><\/p>\n<p>Linkedin profil resminizin alt\u0131nda yer alan link sizin Linkedin urlnizi g\u00f6stermektedir. Linkin yan\u0131ndaki ayarlar ikonuna t\u0131klayarak kendi \u00f6zel urlnizi olu\u015fturun. Ad- soyad kombinasyonlar\u0131n\u0131z aras\u0131ndan kullan\u0131labilir olan\u0131 se\u00e7in ve url\u2019niz haz\u0131r!<\/p>\n<p><strong>Payla\u015f\u0131m i\u00e7eriklerinize dikkat edin.\u00a0<\/strong><\/p>\n<p><img class=\" aligncenter wp-image-420 \" src=\"https:\/\/egegen.com\/blog\/wp-content\/uploads\/2015\/08\/2430cf1e-8207-49b6-8314-9dcf8d9c06d5-large1.png\" alt=\"2430cf1e-8207-49b6-8314-9dcf8d9c06d5-large\" width=\"553\" height=\"309\" \/><\/p>\n<p>Payla\u015ft\u0131\u011f\u0131n\u0131z i\u00e7erikler Linkedin\u2019in diline uymuyorsa ba\u011flant\u0131lar\u0131n\u0131z taraf\u0131ndan garip bulunacakt\u0131r. Kendi ki\u015fisel konular\u0131n\u0131z, g\u00fcld\u00fckleriniz ve k\u0131zd\u0131klar\u0131n\u0131z\u0131 daha ki\u015fisel bir alana sahip oldu\u011funuz hesaplar\u0131n\u0131zdan payla\u015fman\u0131z daha sa\u011fl\u0131kl\u0131 olacakt\u0131r.<\/p>\n<p>Payla\u015f\u0131mlarla ilgili bir di\u011fer konu ise like s\u0131n\u0131rlar\u0131n\u0131 zorlamay\u0131n! Like s\u0131n\u0131rlar\u0131n\u0131 zorlamaktan kast etti\u011fim payla\u015ft\u0131\u011f\u0131n\u0131z bir g\u00f6nderinin daha y\u00fcksek bir be\u011feniye sahip olmas\u0131 i\u00e7in etkile\u015fimin d\u00fc\u015ft\u00fc\u011f\u00fcn\u00fc hissetti\u011finiz anda kendi g\u00f6nderilerinizi be\u011fenerek ba\u011flant\u0131lar\u0131n\u0131z\u0131n ana sayfas\u0131na d\u00fc\u015f\u00fcrmeyin ve bunu defalarca tekrarlamaktan vazge\u00e7in.<\/p>\n<p>&nbsp;<\/p>\n<p>&nbsp;<\/p>\n","protected":false},"excerpt":{"rendered":"<p>Linkedin i\u015f hayat\u0131ndaki profesyonellerin ya da i\u015f hayat\u0131na at\u0131lmak \u00fczere olan \u00f6\u011frencilerin kulland\u0131\u011f\u0131 dijital mecralardan birisi. Di\u011ferlerinden en b\u00fcy\u00fck fark\u0131 ise kurumsal olmas\u0131. Linkedin kullan\u0131c\u0131lar\u0131n\u0131n \u00fcye say\u0131s\u0131n\u0131n giderek artmas\u0131 ile beraber \u201cBuras\u0131 Facebook de\u011fil!\u201d\u015feklinde yak\u0131nmalar\u0131 ise ayn\u0131 \u015fekilde artm\u0131\u015f durumda. Peki Linkedin kullan\u0131rken s\u0131kl\u0131kla yap\u0131lan yanl\u0131\u015flar neler? Yaz\u0131m hatalar\u0131ndan ka\u00e7\u0131n\u0131n. Profilinizde yer alan metinleri kontrol &hellip;<\/p>\n","protected":false},"author":1,"featured_media":421,"comment_status":"open","ping_status":"open","sticky":false,"template":"","format":"standard","meta":[],"categories":[176],"tags":[],"_links":{"self":[{"href":"https:\/\/egegen.com\/blog\/wp-json\/wp\/v2\/posts\/418"}],"collection":[{"href":"https:\/\/egegen.com\/blog\/wp-json\/wp\/v2\/posts"}],"about":[{"href":"https:\/\/egegen.com\/blog\/wp-json\/wp\/v2\/types\/post"}],"author":[{"embeddable":true,"href":"https:\/\/egegen.com\/blog\/wp-json\/wp\/v2\/users\/1"}],"replies":[{"embeddable":true,"href":"https:\/\/egegen.com\/blog\/wp-json\/wp\/v2\/comments?post=418"}],"version-history":[{"count":0,"href":"https:\/\/egegen.com\/blog\/wp-json\/wp\/v2\/posts\/418\/revisions"}],"wp:featuredmedia":[{"embeddable":true,"href":"https:\/\/egegen.com\/blog\/wp-json\/wp\/v2\/media\/421"}],"wp:attachment":[{"href":"https:\/\/egegen.com\/blog\/wp-json\/wp\/v2\/media?parent=418"}],"wp:term":[{"taxonomy":"category","embeddable":true,"href":"https:\/\/egegen.com\/blog\/wp-json\/wp\/v2\/categories?post=418"},{"taxonomy":"post_tag","embeddable":true,"href":"https:\/\/egegen.com\/blog\/wp-json\/wp\/v2\/tags?post=418"}],"curies":[{"name":"wp","href":"https:\/\/api.w.org\/{rel}","templated":true}]}}