{"id":4116,"date":"2018-01-26T13:33:10","date_gmt":"2018-01-26T10:33:10","guid":{"rendered":"https:\/\/egegen.com\/blog\/?p=4116"},"modified":"2022-08-24T18:14:04","modified_gmt":"2022-08-24T15:14:04","slug":"ege-fren-tum-dijital-pazarlama-calismalari-icin-egegeni-secti","status":"publish","type":"post","link":"https:\/\/egegen.com\/blog\/ege-fren-tum-dijital-pazarlama-calismalari-icin-egegeni-secti\/","title":{"rendered":"Ege Fren T\u00fcm Dijital Pazarlama \u00c7al\u0131\u015fmalar\u0131 \u0130\u00e7in egegen\u2019i Se\u00e7ti!"},"content":{"rendered":"<p>Bayraktar Grubu ve d\u00fcnyan\u0131n \u00f6nde gelen otomotiv teknoloji \u015firketlerinden Meritor ortakl\u0131\u011f\u0131nda faaliyet g\u00f6steren <strong>Ege Fren<\/strong> t\u00fcm dijital pazarlama \u00e7al\u0131\u015fmalar\u0131 i\u00e7in <strong>egegen<\/strong>\u2019i se\u00e7ti.<\/p>\n<p><strong>egegen<\/strong> olarak Ege Fren\u2019in sosyal medya y\u00f6netimi, i\u00e7erik ve konsept \u00fcretimi, proje geli\u015ftirme, web sitesi gibi t\u00fcm dijital ileti\u015fim s\u00fcre\u00e7lerinden sorumlu olaca\u011f\u0131z.<\/p>\n<p>1987\u2019den beri otomotiv ana sanayi i\u00e7in fren, fren alt par\u00e7alar\u0131 ve i\u015flemeli otomotiv par\u00e7alar\u0131 \u00fcreten <strong>Ege Fren<\/strong>, yurt i\u00e7i ve yurt d\u0131\u015f\u0131nda global markalar\u0131n tedarik\u00e7isi ve lisansl\u0131 \u00fcreticisi konumunda bulunuyor. Otomotiv ana sanayinin yan\u0131 s\u0131ra yenileme pazar\u0131nda da hizmet veren kurulu\u015f, yedek par\u00e7a organizasyonu ile yurt i\u00e7i ve yurt d\u0131\u015f\u0131ndaki hedef pazarlara da ula\u015f\u0131yor.<\/p>\n<p>Ege Fren&#8217;in sosyal medya hesaplar\u0131na a\u015fa\u011f\u0131daki linklere t\u0131klayarak ula\u015fabilirsiniz.<\/p>\n<p><strong>Ege Fren Facebook Hesab\u0131 \u0130\u00e7in <\/strong><a rel=\"nofollow\" href=\"https:\/\/www.facebook.com\/egefrencom\/\"><strong>TIKLAYINIZ!<\/strong><\/a><\/p>\n<p><strong>Ege Fren Instagram Hesab\u0131 \u0130\u00e7in <\/strong><a rel=\"nofollow\" href=\"https:\/\/www.instagram.com\/egefrencom\/\"><strong>TIKLAYINIZ!<\/strong><\/a><\/p>\n<p><strong>Ege Fren Twitter Hesab\u0131 \u0130\u00e7in <\/strong><a rel=\"nofollow\" href=\"https:\/\/twitter.com\/egefrencom\"><strong>TIKLAYINIZ!<\/strong><\/a><\/p>\n<p><strong>Ege Fren Linkedin Hesab\u0131 \u0130\u00e7in <\/strong><a rel=\"nofollow\" href=\"https:\/\/www.linkedin.com\/company\/341103\/\"><strong>TIKLAYINIZ!<\/strong><\/a><\/p>\n","protected":false},"excerpt":{"rendered":"<p>Bayraktar Grubu ve d\u00fcnyan\u0131n \u00f6nde gelen otomotiv teknoloji \u015firketlerinden Meritor ortakl\u0131\u011f\u0131nda faaliyet g\u00f6steren Ege Fren t\u00fcm dijital pazarlama \u00e7al\u0131\u015fmalar\u0131 i\u00e7in egegen\u2019i se\u00e7ti. egegen olarak Ege Fren\u2019in sosyal medya y\u00f6netimi, i\u00e7erik ve konsept \u00fcretimi, proje geli\u015ftirme, web sitesi gibi t\u00fcm dijital ileti\u015fim s\u00fcre\u00e7lerinden sorumlu olaca\u011f\u0131z. 1987\u2019den beri otomotiv ana sanayi i\u00e7in fren, fren alt par\u00e7alar\u0131 ve &hellip;<\/p>\n","protected":false},"author":1,"featured_media":4156,"comment_status":"open","ping_status":"open","sticky":false,"template":"","format":"standard","meta":[],"categories":[179],"tags":[],"_links":{"self":[{"href":"https:\/\/egegen.com\/blog\/wp-json\/wp\/v2\/posts\/4116"}],"collection":[{"href":"https:\/\/egegen.com\/blog\/wp-json\/wp\/v2\/posts"}],"about":[{"href":"https:\/\/egegen.com\/blog\/wp-json\/wp\/v2\/types\/post"}],"author":[{"embeddable":true,"href":"https:\/\/egegen.com\/blog\/wp-json\/wp\/v2\/users\/1"}],"replies":[{"embeddable":true,"href":"https:\/\/egegen.com\/blog\/wp-json\/wp\/v2\/comments?post=4116"}],"version-history":[{"count":0,"href":"https:\/\/egegen.com\/blog\/wp-json\/wp\/v2\/posts\/4116\/revisions"}],"wp:featuredmedia":[{"embeddable":true,"href":"https:\/\/egegen.com\/blog\/wp-json\/wp\/v2\/media\/4156"}],"wp:attachment":[{"href":"https:\/\/egegen.com\/blog\/wp-json\/wp\/v2\/media?parent=4116"}],"wp:term":[{"taxonomy":"category","embeddable":true,"href":"https:\/\/egegen.com\/blog\/wp-json\/wp\/v2\/categories?post=4116"},{"taxonomy":"post_tag","embeddable":true,"href":"https:\/\/egegen.com\/blog\/wp-json\/wp\/v2\/tags?post=4116"}],"curies":[{"name":"wp","href":"https:\/\/api.w.org\/{rel}","templated":true}]}}