{"id":3853,"date":"2017-11-28T14:37:55","date_gmt":"2017-11-28T11:37:55","guid":{"rendered":"https:\/\/egegen.com\/blog\/?p=3853"},"modified":"2022-08-24T18:14:06","modified_gmt":"2022-08-24T15:14:06","slug":"hotel-dergisinin-bu-ayki-konugu-ajans-baskanimiz-ali-atay","status":"publish","type":"post","link":"https:\/\/egegen.com\/blog\/hotel-dergisinin-bu-ayki-konugu-ajans-baskanimiz-ali-atay\/","title":{"rendered":"Hotel Dergisi&#8217;nin Bu Ayki Konu\u011fu Ajans Ba\u015fkan\u0131m\u0131z Ali Atay!"},"content":{"rendered":"<p>Turizm ve Otelcilik sekt\u00f6r\u00fcn\u00fcn nabz\u0131n\u0131 belirleyen <strong>Hotel Dergisi<\/strong>&#8216;nin bu ayki say\u0131s\u0131na ajans ba\u015fkan\u0131m\u0131z <strong>Ali Atay<\/strong> konuk oldu.<\/p>\n<p>Turizm ve Otel sekt\u00f6r\u00fcne faydal\u0131 olabilmek ad\u0131na <strong>T\u00fcrkiye Otelciler Birli\u011fi<\/strong>&#8216;nin sekt\u00f6r dergisi olarak her ay yay\u0131nlanan derginin bu ayki konusu; Otellerde Dijital D\u00f6n\u00fc\u015f\u00fcm. Ali Atay verdi\u011fi r\u00f6portajda; dijital \u00e7a\u011fda ya\u015fanan de\u011fi\u015fikliklerden ve ger\u00e7ekle\u015ftirdi\u011fimiz &#8220;<a href=\"https:\/\/egegen.com\/blog\/turizm-otelcilik-sektoru-ve-dijital-donusum-seminerinin-ikincisi-gerceklestirildi\/\" target=\"_blank\" rel=\"noopener\">Turizm Otelcilik Sekt\u00f6r\u00fc ve Dijital D\u00f6n\u00fc\u015f\u00fcm<\/a>&#8221; seminerlerinden s\u00f6z etti.<\/p>\n<p><img class=\"size-full wp-image-3858 aligncenter\" src=\"https:\/\/egegen.com\/blog\/wp-content\/uploads\/2017\/11\/t\u00fcrob.jpg\" alt=\"\" width=\"509\" height=\"696\" \/><\/p>\n<p>R\u00f6portaj\u0131nda egegen olarak; <em>web tasar\u0131m ve programlama, SEO &amp; SEM, AdWords, alan ad\u0131 ve bar\u0131nd\u0131rma, mobil uygulama geli\u015ftirme, sosyal medya y\u00f6netimi<\/em> hizmetleri vererek firmalar i\u00e7in 360 derece \u00e7\u00f6z\u00fcm sundu\u011fumuzdan bahseden Atay, otellerde dijital d\u00f6n\u00fc\u015f\u00fcm ad\u0131na neler yap\u0131lmas\u0131 gerekti\u011fini a\u00e7\u0131klad\u0131.<\/p>\n<p>Atay s\u00f6zlerini &#8220;\u0130zmir Reklamc\u0131lar Derne\u011fi \u00fcyesi olarak 20 y\u0131l\u0131 a\u015fk\u0131n tecr\u00fcbemizle turizm ve otelcilik sekt\u00f6r\u00fcn\u00fcn dinamiklerini etkileyecek \u00e7al\u0131\u015fmalar yapmaya devam edece\u011fiz.&#8221; \u015feklinde tamamlayarak yeni \u00e7al\u0131\u015fmalar\u0131m\u0131z\u0131n sinyalini verdi.<\/p>\n<p>R\u00f6portaj\u0131n tamam\u0131;<\/p>\n<p><img class=\"size-full wp-image-3855 aligncenter\" src=\"https:\/\/egegen.com\/blog\/wp-content\/uploads\/2017\/11\/egegen-t\u00fcrob.jpg\" alt=\"\" width=\"501\" height=\"696\" \/><\/p>\n","protected":false},"excerpt":{"rendered":"<p>Turizm ve Otelcilik sekt\u00f6r\u00fcn\u00fcn nabz\u0131n\u0131 belirleyen Hotel Dergisi&#8216;nin bu ayki say\u0131s\u0131na ajans ba\u015fkan\u0131m\u0131z Ali Atay konuk oldu. Turizm ve Otel sekt\u00f6r\u00fcne faydal\u0131 olabilmek ad\u0131na T\u00fcrkiye Otelciler Birli\u011fi&#8216;nin sekt\u00f6r dergisi olarak her ay yay\u0131nlanan derginin bu ayki konusu; Otellerde Dijital D\u00f6n\u00fc\u015f\u00fcm. Ali Atay verdi\u011fi r\u00f6portajda; dijital \u00e7a\u011fda ya\u015fanan de\u011fi\u015fikliklerden ve ger\u00e7ekle\u015ftirdi\u011fimiz &#8220;Turizm Otelcilik Sekt\u00f6r\u00fc ve Dijital &hellip;<\/p>\n","protected":false},"author":1,"featured_media":3860,"comment_status":"open","ping_status":"open","sticky":false,"template":"","format":"standard","meta":[],"categories":[179],"tags":[],"_links":{"self":[{"href":"https:\/\/egegen.com\/blog\/wp-json\/wp\/v2\/posts\/3853"}],"collection":[{"href":"https:\/\/egegen.com\/blog\/wp-json\/wp\/v2\/posts"}],"about":[{"href":"https:\/\/egegen.com\/blog\/wp-json\/wp\/v2\/types\/post"}],"author":[{"embeddable":true,"href":"https:\/\/egegen.com\/blog\/wp-json\/wp\/v2\/users\/1"}],"replies":[{"embeddable":true,"href":"https:\/\/egegen.com\/blog\/wp-json\/wp\/v2\/comments?post=3853"}],"version-history":[{"count":0,"href":"https:\/\/egegen.com\/blog\/wp-json\/wp\/v2\/posts\/3853\/revisions"}],"wp:featuredmedia":[{"embeddable":true,"href":"https:\/\/egegen.com\/blog\/wp-json\/wp\/v2\/media\/3860"}],"wp:attachment":[{"href":"https:\/\/egegen.com\/blog\/wp-json\/wp\/v2\/media?parent=3853"}],"wp:term":[{"taxonomy":"category","embeddable":true,"href":"https:\/\/egegen.com\/blog\/wp-json\/wp\/v2\/categories?post=3853"},{"taxonomy":"post_tag","embeddable":true,"href":"https:\/\/egegen.com\/blog\/wp-json\/wp\/v2\/tags?post=3853"}],"curies":[{"name":"wp","href":"https:\/\/api.w.org\/{rel}","templated":true}]}}