{"id":3799,"date":"2017-09-25T13:07:05","date_gmt":"2017-09-25T10:07:05","guid":{"rendered":"https:\/\/egegen.com\/blog\/?p=3799"},"modified":"2022-09-15T17:46:16","modified_gmt":"2022-09-15T14:46:16","slug":"facebook-whatsapp-butonunu-test-ediyor","status":"publish","type":"post","link":"https:\/\/egegen.com\/blog\/facebook-whatsapp-butonunu-test-ediyor\/","title":{"rendered":"Facebook, WhatsApp Butonunu Test Ediyor"},"content":{"rendered":"<p><strong>Facebook<\/strong>, ana uygulamas\u0131na dikkat \u00e7eken \u00f6zellikleri eklemeye devam ediyor. Bunlar\u0131n en yenisi: <strong>WhatsApp butonu<\/strong>.<\/p>\n<p>Android kullan\u0131c\u0131lar\u0131 Facebook mobil uygulamas\u0131nda \u00f6zel bir WhatsApp butonu g\u00f6r\u00fcnt\u00fclemeye ba\u015flad\u0131. Bu d\u00fc\u011fmeye t\u0131kland\u0131\u011f\u0131nda Facebook uygulamas\u0131ndan \u00e7\u0131kmadan WhatsApp&#8217;\u0131 a\u00e7an bir k\u0131sayol olacak.<\/p>\n<p><img class=\"alignnone size-full wp-image-3801\" src=\"https:\/\/egegen.com\/blog\/wp-content\/uploads\/2017\/09\/whatsapp-butonu.jpg\" alt=\"\" width=\"696\" height=\"510\" \/><\/p>\n<p><strong>WhatsApp butonu<\/strong> men\u00fc alan\u0131nda bulunabilir. Test grubundaki \u00fcyelerden biriyseniz ad\u0131n\u0131z\u0131n alt\u0131nda en \u00fcstte g\u00f6r\u00fcnt\u00fcleyebilirsiniz. Ancak \u015fu anda herkes taraf\u0131ndan g\u00f6r\u00fcnt\u00fclenmedi\u011fini unutmay\u0131n. K\u0131sayol \u015fimdilik Android s\u00fcr\u00fcm\u00fcnde test ediliyor, ancak iOS kullan\u0131c\u0131lar\u0131 i\u00e7in de olduk\u00e7a kullan\u0131\u015fl\u0131 olacak bir \u00f6zellik.<\/p>\n<p>Arvind Iyer taraf\u0131ndan tespit edilen bu \u00f6zellik, uygulama Danimarka diline \u00e7evrildi\u011finde ortaya \u00e7\u0131kt\u0131. \u015eirketin daha \u00f6nceki \u00f6zellikleri de Danimarka&#8217;da test etmeye ba\u015flad\u0131\u011f\u0131 g\u00f6z \u00f6n\u00fcne al\u0131nd\u0131\u011f\u0131nda \u015fa\u015f\u0131rt\u0131c\u0131 bir durum de\u011fil.<\/p>\n<p><img class=\"size-full wp-image-3800 aligncenter\" src=\"https:\/\/egegen.com\/blog\/wp-content\/uploads\/2017\/09\/instagram-butonu.jpg\" alt=\"\" width=\"558\" height=\"696\" \/><\/p>\n<p>WhatsApp butonu, Facebook&#8217;un yan kurulu\u015flar\u0131n\u0131, ana uygulamas\u0131na entegre etti\u011fi ilk buton de\u011fil. Asl\u0131nda \u015firket, bu ay\u0131n ba\u015flar\u0131nda Instagram i\u00e7in de benzer bir k\u0131sayol test etti. 2015&#8217;te de <strong>Facebook<\/strong>, WhatsApp g\u00f6nderme butonu denemi\u015fti, bu buton ile kullan\u0131c\u0131lar foto\u011fraflar\u0131n\u0131 ve postlar\u0131n\u0131 ki\u015filerle payla\u015fabilecekti. Ancak kullan\u0131m\u0131ndan vazge\u00e7ildi.<\/p>\n<p>Her test \u00f6zelli\u011finde oldu\u011fu gibi <strong>WhatsApp<\/strong> butonunun Facebook kullan\u0131c\u0131lar\u0131 taraf\u0131ndan kullan\u0131labilir hale gelip gelmeyece\u011fi ve kullan\u0131lacaksa da ne zaman kullan\u0131laca\u011f\u0131 hen\u00fcz netle\u015fmedi.<\/p>\n","protected":false},"excerpt":{"rendered":"<p>Facebook, ana uygulamas\u0131na dikkat \u00e7eken \u00f6zellikleri eklemeye devam ediyor. Bunlar\u0131n en yenisi: WhatsApp butonu. Android kullan\u0131c\u0131lar\u0131 Facebook mobil uygulamas\u0131nda \u00f6zel bir WhatsApp butonu g\u00f6r\u00fcnt\u00fclemeye ba\u015flad\u0131. Bu d\u00fc\u011fmeye t\u0131kland\u0131\u011f\u0131nda Facebook uygulamas\u0131ndan \u00e7\u0131kmadan WhatsApp&#8217;\u0131 a\u00e7an bir k\u0131sayol olacak. WhatsApp butonu men\u00fc alan\u0131nda bulunabilir. Test grubundaki \u00fcyelerden biriyseniz ad\u0131n\u0131z\u0131n alt\u0131nda en \u00fcstte g\u00f6r\u00fcnt\u00fcleyebilirsiniz. Ancak \u015fu anda herkes taraf\u0131ndan &hellip;<\/p>\n","protected":false},"author":1,"featured_media":3107,"comment_status":"open","ping_status":"open","sticky":false,"template":"","format":"standard","meta":[],"categories":[176],"tags":[],"_links":{"self":[{"href":"https:\/\/egegen.com\/blog\/wp-json\/wp\/v2\/posts\/3799"}],"collection":[{"href":"https:\/\/egegen.com\/blog\/wp-json\/wp\/v2\/posts"}],"about":[{"href":"https:\/\/egegen.com\/blog\/wp-json\/wp\/v2\/types\/post"}],"author":[{"embeddable":true,"href":"https:\/\/egegen.com\/blog\/wp-json\/wp\/v2\/users\/1"}],"replies":[{"embeddable":true,"href":"https:\/\/egegen.com\/blog\/wp-json\/wp\/v2\/comments?post=3799"}],"version-history":[{"count":0,"href":"https:\/\/egegen.com\/blog\/wp-json\/wp\/v2\/posts\/3799\/revisions"}],"wp:featuredmedia":[{"embeddable":true,"href":"https:\/\/egegen.com\/blog\/wp-json\/wp\/v2\/media\/3107"}],"wp:attachment":[{"href":"https:\/\/egegen.com\/blog\/wp-json\/wp\/v2\/media?parent=3799"}],"wp:term":[{"taxonomy":"category","embeddable":true,"href":"https:\/\/egegen.com\/blog\/wp-json\/wp\/v2\/categories?post=3799"},{"taxonomy":"post_tag","embeddable":true,"href":"https:\/\/egegen.com\/blog\/wp-json\/wp\/v2\/tags?post=3799"}],"curies":[{"name":"wp","href":"https:\/\/api.w.org\/{rel}","templated":true}]}}