{"id":3515,"date":"2017-08-15T09:41:39","date_gmt":"2017-08-15T06:41:39","guid":{"rendered":"https:\/\/egegen.com\/blog\/?p=3515"},"modified":"2022-09-15T17:46:43","modified_gmt":"2022-09-15T14:46:43","slug":"apple-uygulama-simgelerinde-degisiklige-gidiyor","status":"publish","type":"post","link":"https:\/\/egegen.com\/blog\/apple-uygulama-simgelerinde-degisiklige-gidiyor\/","title":{"rendered":"Apple, Uygulama Simgelerinde De\u011fi\u015fikli\u011fe Gidiyor!"},"content":{"rendered":"<p><strong>Apple<\/strong>, iOS 11 i\u00e7in yay\u0131nlad\u0131\u011f\u0131 son beta s\u00fcr\u00fcm\u00fc ile uygulama simgelerinde de\u011fi\u015fiklikler yapt\u0131. Bu uygulamalarda en dikkat \u00e7ekenler <em>Haritalar<\/em> ve <em>App Store<\/em> simgelerinin de\u011fi\u015fmesi oldu.<\/p>\n<p><strong>Apple Haritalar<\/strong>&#8216;\u0131n de\u011fi\u015fimi biraz daha e\u011flenceli.\u00a0Simge, iPhone&#8217;un kurulu\u015fundan bu yana, Apple&#8217;\u0131n uzun zamand\u0131r merkez ofisinin bulundu\u011fu <strong>1 Infinite Loop<\/strong>&#8216;u g\u00f6steriyor. Ancak \u015firketin Apple Park ad\u0131n\u0131 verdi\u011fi m\u00fckemmel uzay gemisi a\u00e7\u0131lmak \u00fczere ve iOS tasar\u0131mc\u0131lar\u0131 bu nedenle bir de\u011fi\u015fiklik yap\u0131lmas\u0131 gerekti\u011fini d\u00fc\u015f\u00fcnd\u00fc. Art\u0131k, Haritalar simgesi <strong>Apple Park<\/strong>&#8216;\u0131n bir \u015feridini g\u00f6r\u00fcnt\u00fcl\u00fcyor.<\/p>\n<p>Veya sadece yak\u0131nlardaki bir \u00e7\u0131k\u0131\u015f yoludur. Anlamas\u0131 biraz g\u00fc\u00e7.<\/p>\n<p><img class=\"wp-image-3516 aligncenter\" src=\"https:\/\/egegen.com\/blog\/wp-content\/uploads\/2017\/08\/apple-maps.jpg\" alt=\"\" width=\"450\" height=\"432\" \/><\/p>\n<p>Di\u011fer simge de\u011fi\u015fikli\u011fi <strong>App Store<\/strong> logosudur. Apple, son 10 y\u0131lda App Store logosunu zaman zaman de\u011fi\u015ftirdi, ancak \u015fekli olu\u015fturan kalem ve f\u0131r\u00e7a ilk kez kullan\u0131lm\u0131yor. Art\u0131k, \u00fcst \u00fcste binen \u00e7ubuk gibi g\u00f6r\u00fcnen bir dizi \u00e7izgi var.<\/p>\n<p><img class=\"alignnone size-full wp-image-3521\" src=\"https:\/\/egegen.com\/blog\/wp-content\/uploads\/2017\/08\/apple-store-yeni-simge.jpg\" alt=\"\" width=\"696\" height=\"348\" \/><\/p>\n<p>Yine de, <strong>iOS 11<\/strong> hala beta durumunda ve bu nedenle bu de\u011fi\u015fiklikleri sadece k\u00fc\u00e7\u00fck bir kesim g\u00f6rebiliyor. Apple&#8217;da di\u011fer simgelerde de k\u00fc\u00e7\u00fck de\u011fi\u015fiklikler yap\u0131l\u0131yor. Saat simgesi farkl\u0131la\u015ft\u0131 ve say\u0131lar\u0131 daha da kal\u0131nla\u015ft\u0131. Ve beta 4 s\u00fcr\u00fcm\u00fcnde bu minik de\u011fi\u015fiklik ger\u00e7ekle\u015fmi\u015fti.<\/p>\n<p><img class=\"size-full wp-image-3518 aligncenter\" src=\"https:\/\/egegen.com\/blog\/wp-content\/uploads\/2017\/08\/safari.jpg\" alt=\"\" width=\"563\" height=\"281\" \/><\/p>\n<p><strong>MacRumors<\/strong>&#8216;\u0131n ge\u00e7en ayki a\u00e7\u0131klamas\u0131na g\u00f6re Rehber, Hat\u0131rlat\u0131c\u0131lar ve Notlar uygulamalar\u0131n\u0131n simgelerinde de de\u011fi\u015fikli\u011fe gidildi. Ancak hat\u0131rlat\u0131c\u0131lar simgesi daha sonras\u0131nda eski g\u00f6r\u00fcn\u00fcm\u00fcne geri d\u00f6nd\u00fc. Bu nedenle simgelerin de\u011fi\u015fece\u011fine dair netlik kazanan bir durum yok.<\/p>\n<p><strong>iOS 11<\/strong> muhtemelen 1 ay i\u00e7erisinde tamamlanacak ve <em>Eyl\u00fcl<\/em> ay\u0131n\u0131n sonlar\u0131na do\u011fru kullan\u0131lmaya ba\u015flanacak.<\/p>\n","protected":false},"excerpt":{"rendered":"<p>Apple, iOS 11 i\u00e7in yay\u0131nlad\u0131\u011f\u0131 son beta s\u00fcr\u00fcm\u00fc ile uygulama simgelerinde de\u011fi\u015fiklikler yapt\u0131. Bu uygulamalarda en dikkat \u00e7ekenler Haritalar ve App Store simgelerinin de\u011fi\u015fmesi oldu. Apple Haritalar&#8216;\u0131n de\u011fi\u015fimi biraz daha e\u011flenceli.\u00a0Simge, iPhone&#8217;un kurulu\u015fundan bu yana, Apple&#8217;\u0131n uzun zamand\u0131r merkez ofisinin bulundu\u011fu 1 Infinite Loop&#8216;u g\u00f6steriyor. Ancak \u015firketin Apple Park ad\u0131n\u0131 verdi\u011fi m\u00fckemmel uzay gemisi a\u00e7\u0131lmak &hellip;<\/p>\n","protected":false},"author":1,"featured_media":3519,"comment_status":"open","ping_status":"open","sticky":false,"template":"","format":"standard","meta":[],"categories":[184],"tags":[],"_links":{"self":[{"href":"https:\/\/egegen.com\/blog\/wp-json\/wp\/v2\/posts\/3515"}],"collection":[{"href":"https:\/\/egegen.com\/blog\/wp-json\/wp\/v2\/posts"}],"about":[{"href":"https:\/\/egegen.com\/blog\/wp-json\/wp\/v2\/types\/post"}],"author":[{"embeddable":true,"href":"https:\/\/egegen.com\/blog\/wp-json\/wp\/v2\/users\/1"}],"replies":[{"embeddable":true,"href":"https:\/\/egegen.com\/blog\/wp-json\/wp\/v2\/comments?post=3515"}],"version-history":[{"count":0,"href":"https:\/\/egegen.com\/blog\/wp-json\/wp\/v2\/posts\/3515\/revisions"}],"wp:featuredmedia":[{"embeddable":true,"href":"https:\/\/egegen.com\/blog\/wp-json\/wp\/v2\/media\/3519"}],"wp:attachment":[{"href":"https:\/\/egegen.com\/blog\/wp-json\/wp\/v2\/media?parent=3515"}],"wp:term":[{"taxonomy":"category","embeddable":true,"href":"https:\/\/egegen.com\/blog\/wp-json\/wp\/v2\/categories?post=3515"},{"taxonomy":"post_tag","embeddable":true,"href":"https:\/\/egegen.com\/blog\/wp-json\/wp\/v2\/tags?post=3515"}],"curies":[{"name":"wp","href":"https:\/\/api.w.org\/{rel}","templated":true}]}}