{"id":3186,"date":"2017-07-05T13:27:57","date_gmt":"2017-07-05T10:27:57","guid":{"rendered":"https:\/\/egegen.com\/blog\/?p=3186"},"modified":"2017-07-05T13:27:57","modified_gmt":"2017-07-05T10:27:57","slug":"facebook-reklamlarini-gelistirmeye-yonelik-6-ipucu","status":"publish","type":"post","link":"https:\/\/egegen.com\/blog\/facebook-reklamlarini-gelistirmeye-yonelik-6-ipucu\/","title":{"rendered":"Facebook Reklamlar\u0131n\u0131 Geli\u015ftirmeye Y\u00f6nelik 6 \u0130pucu"},"content":{"rendered":"<p>Facebook reklamc\u0131l\u0131\u011f\u0131nda yeniyseniz ya da daha fazla etkile\u015fim ve d\u00f6n\u00fc\u015f\u00fcm elde etmek isteyen bir profesyonelseniz yapabilece\u011finiz bir \u015fey mutlaka vard\u0131r. Reklam kampanyalar\u0131n\u0131z\u0131 daha cazip hale getirmek ve d\u00f6n\u00fc\u015ft\u00fcr\u00fclebilir k\u0131lmak i\u00e7in <strong>Facebook reklamlar\u0131n\u0131 geli\u015ftirmeye y\u00f6nelik 6 ipucu<\/strong> sunaca\u011f\u0131z. Bu ipu\u00e7lar\u0131 benzersiz yollar sunarak reklam\u0131n\u0131z\u0131 iyile\u015ftirmek amac\u0131yla tasarlanm\u0131\u015ft\u0131r. Genel olarak reklamlar ba\u015far\u0131s\u0131zl\u0131k getirir \u00e7\u00fcnk\u00fc hedefleme kadar yarat\u0131c\u0131l\u0131\u011f\u0131n \u00fczerinde durulmam\u0131\u015ft\u0131r.<\/p>\n<p>Reklamverenler, bir reklam\u0131n, kullan\u0131c\u0131lar\u0131 nas\u0131l cazip edece\u011fini d\u00fc\u015f\u00fcnmeden reklam kampanyalar\u0131n\u0131 yay\u0131nlayabilirler.\u00a0Facebook, kullan\u0131c\u0131 deneyiminin etraf\u0131nda tasarlanm\u0131\u015f bir platformdur ve reklamlar bunu d\u00fc\u015f\u00fcnerek olu\u015fturulmal\u0131d\u0131r.<\/p>\n<h2>Facebook Reklamlar\u0131 Nas\u0131l Geli\u015ftirilir?<\/h2>\n<h3>Haz\u0131r Videolardan Faydalan\u0131n<\/h3>\n<p>Video olu\u015fturman\u0131z gerekti\u011finin bilincindesiniz fakat nereden ba\u015flayaca\u011f\u0131n\u0131z\u0131 bilmiyorsan\u0131z yaln\u0131z de\u011filsiniz demektir. Her \u015firket Facebook reklam sto\u011funda video bulunduramayabilir ya da bu kapasiteye sahip olmayabilir. Ancak bug\u00fcnlerde sosyal medya i\u00e7in video yarat\u0131c\u0131l\u0131\u011f\u0131n\u0131n ne kadar \u00f6nemli oldu\u011fu bilinmektedir.\u00a0Facebook&#8217;daki bir videonun, bir Facebook foto\u011fraf\u0131ndan ortalama % 135 daha fazla organik eri\u015fim ald\u0131\u011f\u0131n\u0131 g\u00f6r\u00fcyoruz. Foto\u011fraflar sosyal medyada en ilgi \u00e7ekici reklam \u00f6gesi olarak kullan\u0131l\u0131rd\u0131 ancak videolar bunu a\u015ft\u0131. Bu durumda yapman\u0131z gereken tek \u015fey; stock videolardan faydalanmak.<\/p>\n<p>Evet bir\u00e7ok ki\u015fi taraf\u0131ndan uygun g\u00f6r\u00fclmeyen bir y\u00f6ntemdir ancak kullan\u0131c\u0131lar\u0131n videoya daha fazla istekleri olduklar\u0131 bug\u00fcnlerde bir yerden video reklamlar\u0131 yay\u0131nlaman\u0131z gerekmektedir. Ayr\u0131ca \u015fu anda se\u00e7im yapabilmek ad\u0131na \u00e7ok farkl\u0131 stok video siteleri bulunmaktad\u0131r. A\u015fa\u011f\u0131daki ad\u0131mlar\u0131 uygulayarak bir sonraki Facebook reklam kampanyan\u0131z i\u00e7in video haz\u0131rlayabilirsiniz.<\/p>\n<ol>\n<li>Video se\u00e7imi yapmak i\u00e7in Adobe Stock&#8217;u kullan\u0131n. Adobe, se\u00e7ebilece\u011finiz en geni\u015f stok video g\u00f6r\u00fcnt\u00fclerinden birine sahiptir, yani her end\u00fcstri t\u00fcr\u00fc i\u00e7in bir \u015feyler i\u00e7erir.<\/li>\n<li>Hikayenizi temel alan bir video se\u00e7in. Se\u00e7ti\u011finiz video t\u00fcr\u00fcn\u00fcn mesaj veren, bir duyguyu ele alan ve \u00e7\u00f6z\u00fcm \u00fcreten bir hikaye anlatmas\u0131 gerekiyor.<\/li>\n<li>Videonuzu markala\u015ft\u0131r\u0131n.\u00a0Videoya bir logo veya metin yer payla\u015f\u0131m\u0131 ekleyin ve sonunda \u015firketin bilgileri ile bir hareket \u00e7a\u011fr\u0131s\u0131 yap\u0131n.<\/li>\n<\/ol>\n<h3>Reklamlar\u0131n\u0131zda Mavi Renk Kullanmay\u0131n<\/h3>\n<p>Facebook&#8217;un ana rengi mavidir.\u00a0Reklam kampanyalar\u0131n\u0131zda mavi tonlar i\u00e7eren resim ve videolar kullanmak, reklam\u0131n\u0131z\u0131n Haber Kayna\u011f\u0131nda \u00f6ne \u00e7\u0131kmas\u0131na yard\u0131mc\u0131 olmayacakt\u0131r.\u00a0Mavi tonlara odaklanmak yerine, \u00f6zellikle turuncu, ye\u015fil ve k\u0131rm\u0131z\u0131 gibi markan\u0131zla e\u015fle\u015fen canl\u0131 renkleri deneyin.<\/p>\n<h3>Reklam\u0131n\u0131za Uygun Emoji Kullan\u0131n<\/h3>\n<p>\u0130nternet kullan\u0131c\u0131lar\u0131n\u0131n olduk\u00e7a fazla kulland\u0131\u011f\u0131 emojilerden reklam kampanyalar\u0131n\u0131zda da faydalanabilirsiniz.\u00a0Reklam metninizde emoji kullan\u0131rken dikkat etmeniz gereken iki kural vard\u0131r;<\/p>\n<ol>\n<li>A\u015f\u0131r\u0131 emoji kullan\u0131m\u0131ndan ka\u00e7\u0131n\u0131n.<\/li>\n<li>Sadece reklam metni ile ilgili emojileri kullan\u0131n.<\/li>\n<\/ol>\n<p>Emojilerin, kullan\u0131c\u0131n\u0131n yapmas\u0131n\u0131 istedi\u011finiz eylemle ve iletmeye \u00e7al\u0131\u015ft\u0131\u011f\u0131n\u0131z duygu ile alakal\u0131 olmas\u0131 gerekir.<\/p>\n<h3>Ba\u011flant\u0131 Butonu Ekleyin<\/h3>\n<p><strong>Facebook reklamlar\u0131<\/strong> kullan\u0131c\u0131lar\u0131n yapaca\u011f\u0131 ya da yapmak istedikleri bir \u015feyi hedeflemelidir.\u00a0Bunlar\u0131n her ikisini de ger\u00e7ekle\u015ftirmenin bir yolu, reklam metnine web sitenizin veya a\u00e7\u0131l\u0131\u015f sayfan\u0131z\u0131n bir ba\u011flant\u0131s\u0131n\u0131 eklemektir. Harekete ge\u00e7irici mesaj butonu kullan\u0131c\u0131lar\u0131 y\u00f6nlendirebilir ancak bu buton reklam gibi hissedilebilir. Kullan\u0131c\u0131lar\u0131n reklam metnindeki ba\u011flant\u0131y\u0131 t\u0131klatarak Facebook&#8217;tan ayr\u0131lmalar\u0131 i\u00e7in kendi ba\u015f\u0131na karar vermeleri gerekir. Kendilerini nerede bulacaklar\u0131n\u0131 bilmeleri ve bu hedefe gitmeyi se\u00e7meleri kullan\u0131c\u0131lar\u0131n psikolojik olarak daha rahat hissetmesini sa\u011flayacakt\u0131r.<\/p>\n<h3>Hedef Kitlenizi \u00c7ekecek Farkl\u0131 Reklamlar Tasarlay\u0131n<\/h3>\n<p>Bir i\u015fletmenin sadece bir m\u00fc\u015fteri profiline sahip olmas\u0131 olduk\u00e7a nadirdir. Bu nedenle, her biri farkl\u0131 m\u00fc\u015fterilere hitap eden birden fazla reklam olu\u015fturmal\u0131s\u0131n\u0131z.\u00a0<span lang=\"tr\"><br \/>\n<\/span><\/p>\n<p><img class=\"alignnone size-full wp-image-3187\" src=\"https:\/\/egegen.com\/blog\/wp-content\/uploads\/2017\/07\/facebook-resim.jpg\" alt=\"\" width=\"696\" height=\"333\" \/><\/p>\n<p>Yukar\u0131daki g\u00f6rsel ile bu durumu a\u00e7\u0131klayal\u0131m. Sol tarafta bir kokteyl \u00fczerinde odaklanan restoran reklam\u0131 g\u00f6receksiniz. Bu reklam, y\u00fcksek olas\u0131l\u0131kla 09.00 &#8211; 17.00 \u00e7al\u0131\u015fan ve g\u00fcn\u00fcn sonunda bir \u015feyler i\u00e7mek isteyen, i\u015f arkada\u015flar\u0131yla vakit ge\u00e7irmeyi seven gen\u00e7 kitleyi hedefliyor.\u00a0Muhtemelen t\u00fcm\u00fcyle ili\u015fkili olsak da, bu \u00e7ok \u00f6zel bir kullan\u0131c\u0131 t\u00fcr\u00fcd\u00fcr ve reklam sadece restoran\u0131n demografik b\u00f6l\u00fcm\u00fcnde olu\u015fturulmu\u015ftur.<\/p>\n<p>Sa\u011fdaki foto\u011fraf ayn\u0131 restorana ait olmakla birlikte, daha ya\u015fl\u0131, yaln\u0131zca g\u0131da i\u00e7in gelen m\u00fc\u015fteri taban\u0131n\u0131 hedefliyor.\u00a0Restoran ayn\u0131 kokteyl foto\u011fraf\u0131n\u0131, ya\u015fl\u0131 kitleyi \u00e7ekmek i\u00e7in kullanm\u0131\u015f olsayd\u0131, bir restoran gibi de\u011fil de bir bar gibi alg\u0131 yaratabilirdi. Bu da diyelim ki 50 ya\u015f \u00fcst\u00fcn\u00fc doldurmu\u015f hedef kitleyi kaybetmek anlam\u0131na gelirdi.<\/p>\n<p>Sonu\u00e7 olarak hedeflenen kitleler i\u00e7in farkl\u0131 reklamlar tasarlamaya \u00f6zen g\u00f6stermelisiniz.<\/p>\n<h3>Reklam Metninde Soruya Yer Verin<\/h3>\n<p>Bir reklam metninin ba\u015f\u0131nda konuyu ele alarak bir kullan\u0131c\u0131n\u0131n haber ak\u0131\u015f\u0131na devam etmesini durdurmu\u015f olursunuz. &#8220;Sabahlar\u0131 E-Postalara zaman harcamaktan b\u0131kt\u0131n\u0131z m\u0131?&#8221;, &#8220;Hangi protein tozunun sizin i\u00e7in uygun oldu\u011funu bilmiyor musunuz?&#8221; gibi kullan\u0131c\u0131lar\u0131 d\u00fc\u015f\u00fcnd\u00fcrecek sorulara reklamlar\u0131n\u0131zda yer vermelisiniz. Bu sorular\u00a0her kullan\u0131c\u0131ya, reklam\u0131 okumaya devam etmesi, g\u00f6r\u00fcnt\u00fclere bakmas\u0131 veya reklam\u0131n videosunu izlemesi i\u00e7in bir sebep verir.<\/p>\n","protected":false},"excerpt":{"rendered":"<p>Facebook reklamc\u0131l\u0131\u011f\u0131nda yeniyseniz ya da daha fazla etkile\u015fim ve d\u00f6n\u00fc\u015f\u00fcm elde etmek isteyen bir profesyonelseniz yapabilece\u011finiz bir \u015fey mutlaka vard\u0131r. Reklam kampanyalar\u0131n\u0131z\u0131 daha cazip hale getirmek ve d\u00f6n\u00fc\u015ft\u00fcr\u00fclebilir k\u0131lmak i\u00e7in Facebook reklamlar\u0131n\u0131 geli\u015ftirmeye y\u00f6nelik 6 ipucu sunaca\u011f\u0131z. Bu ipu\u00e7lar\u0131 benzersiz yollar sunarak reklam\u0131n\u0131z\u0131 iyile\u015ftirmek amac\u0131yla tasarlanm\u0131\u015ft\u0131r. Genel olarak reklamlar ba\u015far\u0131s\u0131zl\u0131k getirir \u00e7\u00fcnk\u00fc hedefleme kadar yarat\u0131c\u0131l\u0131\u011f\u0131n &hellip;<\/p>\n","protected":false},"author":19,"featured_media":3189,"comment_status":"open","ping_status":"open","sticky":false,"template":"","format":"standard","meta":[],"categories":[177],"tags":[],"_links":{"self":[{"href":"https:\/\/egegen.com\/blog\/wp-json\/wp\/v2\/posts\/3186"}],"collection":[{"href":"https:\/\/egegen.com\/blog\/wp-json\/wp\/v2\/posts"}],"about":[{"href":"https:\/\/egegen.com\/blog\/wp-json\/wp\/v2\/types\/post"}],"author":[{"embeddable":true,"href":"https:\/\/egegen.com\/blog\/wp-json\/wp\/v2\/users\/19"}],"replies":[{"embeddable":true,"href":"https:\/\/egegen.com\/blog\/wp-json\/wp\/v2\/comments?post=3186"}],"version-history":[{"count":0,"href":"https:\/\/egegen.com\/blog\/wp-json\/wp\/v2\/posts\/3186\/revisions"}],"wp:featuredmedia":[{"embeddable":true,"href":"https:\/\/egegen.com\/blog\/wp-json\/wp\/v2\/media\/3189"}],"wp:attachment":[{"href":"https:\/\/egegen.com\/blog\/wp-json\/wp\/v2\/media?parent=3186"}],"wp:term":[{"taxonomy":"category","embeddable":true,"href":"https:\/\/egegen.com\/blog\/wp-json\/wp\/v2\/categories?post=3186"},{"taxonomy":"post_tag","embeddable":true,"href":"https:\/\/egegen.com\/blog\/wp-json\/wp\/v2\/tags?post=3186"}],"curies":[{"name":"wp","href":"https:\/\/api.w.org\/{rel}","templated":true}]}}