{"id":3104,"date":"2017-06-28T09:32:09","date_gmt":"2017-06-28T06:32:09","guid":{"rendered":"https:\/\/egegen.com\/blog\/?p=3104"},"modified":"2022-09-15T17:42:13","modified_gmt":"2022-09-15T14:42:13","slug":"facebook-2-milyar-kullanici-sayisini-gecti","status":"publish","type":"post","link":"https:\/\/egegen.com\/blog\/facebook-2-milyar-kullanici-sayisini-gecti\/","title":{"rendered":"Facebook, 2 Milyar Kullan\u0131c\u0131 Say\u0131s\u0131n\u0131 Ge\u00e7ti!"},"content":{"rendered":"<p><strong>Facebook<\/strong> \u015fu anda 2 milyardan fazla ayl\u0131k aktif kullan\u0131c\u0131ya sahip oldu\u011funu a\u00e7\u0131klad\u0131. Bu, \u015firketin May\u0131s ay\u0131ndaki en son kazan\u00e7 raporunun bir par\u00e7as\u0131 olarak g\u00f6sterildi. <strong>Mark Zuckerberg<\/strong> haberi do\u011frudan payla\u015ft\u0131.<\/p>\n<p><img class=\"alignnone size-full wp-image-3105\" src=\"https:\/\/egegen.com\/blog\/wp-content\/uploads\/2017\/06\/mark-zuckerberg.jpg\" alt=\"\" width=\"498\" height=\"210\" \/><\/p>\n<p>Facebook&#8217;un di\u011fer uygulamalar\u0131 da iyi y\u00f6nde ilerliyor. Messenger&#8217;\u0131n ayl\u0131k 1,2 milyar kullan\u0131c\u0131s\u0131, WhatsApp&#8217;\u0131n da buna benzer bir rakam\u0131 var ve <strong>Instagram<\/strong> 700 milyondan fazla kullan\u0131c\u0131ya sahip.<\/p>\n<p>Facebook bununla birlikte yeni bir \u00f6zelli\u011fini de test etmeye ba\u015flad\u0131. Kendi platformu i\u00e7erisinde videolar\u0131 \u00f6ne \u00e7\u0131karmaya ba\u015flayan <strong>Facebook<\/strong>, bu \u00f6zellik ile video i\u00e7erik seven kullan\u0131c\u0131lar\u0131n ilgisini \u00e7ekmek istiyor.<\/p>\n<p><img class=\"alignnone size-full wp-image-3106\" src=\"https:\/\/egegen.com\/blog\/wp-content\/uploads\/2017\/06\/facebook-video.jpg\" alt=\"\" width=\"696\" height=\"409\" \/><\/p>\n<p>\u015eu anda yaln\u0131zca Hindistan&#8217;daki kullan\u0131c\u0131lar\u0131n kullanabildi\u011fi bu \u00f6zellik, hem arkada\u015flar\u0131n\u0131zdan hem de takip etti\u011finiz sayfalardan \u00f6n\u00fcne ge\u00e7ilemeyecek \u015fekilde bir yay\u0131na maruz kalaca\u011f\u0131n\u0131za benziyor. Arkada\u015flar\u0131n\u0131z\u0131n yaln\u0131zca kendi payla\u015f\u0131mlar\u0131n\u0131 de\u011fil bunun yan\u0131 s\u0131ra be\u011fendi\u011fi ve payla\u015ft\u0131\u011f\u0131 videolar\u0131 da g\u00f6r\u00fcnt\u00fcleyebilece\u011finiz bu \u00f6zellik <strong>Android<\/strong> i\u015fletim sistemine sahip cihazlarda bulunuyor. Ayr\u0131ca Komedi, Hayvanlar, Sporlar, E\u011flence, Haberler, Ya\u015fam Tarz\u0131 vb. gruplara ayr\u0131lan videolar\u0131 ayn\u0131 isimdeki butonlara t\u0131klayarak izleyebileceksiniz.<\/p>\n","protected":false},"excerpt":{"rendered":"<p>Facebook \u015fu anda 2 milyardan fazla ayl\u0131k aktif kullan\u0131c\u0131ya sahip oldu\u011funu a\u00e7\u0131klad\u0131. Bu, \u015firketin May\u0131s ay\u0131ndaki en son kazan\u00e7 raporunun bir par\u00e7as\u0131 olarak g\u00f6sterildi. Mark Zuckerberg haberi do\u011frudan payla\u015ft\u0131. Facebook&#8217;un di\u011fer uygulamalar\u0131 da iyi y\u00f6nde ilerliyor. Messenger&#8217;\u0131n ayl\u0131k 1,2 milyar kullan\u0131c\u0131s\u0131, WhatsApp&#8217;\u0131n da buna benzer bir rakam\u0131 var ve Instagram 700 milyondan fazla kullan\u0131c\u0131ya sahip. &hellip;<\/p>\n","protected":false},"author":1,"featured_media":3107,"comment_status":"open","ping_status":"open","sticky":false,"template":"","format":"standard","meta":[],"categories":[176],"tags":[],"_links":{"self":[{"href":"https:\/\/egegen.com\/blog\/wp-json\/wp\/v2\/posts\/3104"}],"collection":[{"href":"https:\/\/egegen.com\/blog\/wp-json\/wp\/v2\/posts"}],"about":[{"href":"https:\/\/egegen.com\/blog\/wp-json\/wp\/v2\/types\/post"}],"author":[{"embeddable":true,"href":"https:\/\/egegen.com\/blog\/wp-json\/wp\/v2\/users\/1"}],"replies":[{"embeddable":true,"href":"https:\/\/egegen.com\/blog\/wp-json\/wp\/v2\/comments?post=3104"}],"version-history":[{"count":0,"href":"https:\/\/egegen.com\/blog\/wp-json\/wp\/v2\/posts\/3104\/revisions"}],"wp:featuredmedia":[{"embeddable":true,"href":"https:\/\/egegen.com\/blog\/wp-json\/wp\/v2\/media\/3107"}],"wp:attachment":[{"href":"https:\/\/egegen.com\/blog\/wp-json\/wp\/v2\/media?parent=3104"}],"wp:term":[{"taxonomy":"category","embeddable":true,"href":"https:\/\/egegen.com\/blog\/wp-json\/wp\/v2\/categories?post=3104"},{"taxonomy":"post_tag","embeddable":true,"href":"https:\/\/egegen.com\/blog\/wp-json\/wp\/v2\/tags?post=3104"}],"curies":[{"name":"wp","href":"https:\/\/api.w.org\/{rel}","templated":true}]}}