{"id":3087,"date":"2017-06-23T17:23:31","date_gmt":"2017-06-23T14:23:31","guid":{"rendered":"https:\/\/egegen.com\/blog\/?p=3087"},"modified":"2022-08-24T18:14:08","modified_gmt":"2022-08-24T15:14:08","slug":"basinda-turizm-otelcilik-sektoru-ve-dijital-donusum-semineri","status":"publish","type":"post","link":"https:\/\/egegen.com\/blog\/basinda-turizm-otelcilik-sektoru-ve-dijital-donusum-semineri\/","title":{"rendered":"Bas\u0131nda \u201cTurizm Otelcilik Sekt\u00f6r\u00fc ve Dijital D\u00f6n\u00fc\u015f\u00fcm\u201d Semineri"},"content":{"rendered":"<p><strong>egegen<\/strong> \u00f6nc\u00fcl\u00fc\u011f\u00fcnde, 19 Haziran 2017 tarihinde <a href=\"https:\/\/egegen.com\/blog\/turizm-otelcilik-sektoru-ve-dijital-donusum-seminerinin-ikincisi-gerceklestirildi\/\" rel=\"nofollow\"><em>\u201cTurizm Otelcilik Sekt\u00f6r\u00fc ve Dijital D\u00f6n\u00fc\u015f\u00fcm\u201d<\/em><\/a> seminerinin ikincisi \u0130zmir Ticaret Odas\u0131 Meclis Salonu&#8217;nda ger\u00e7ekle\u015ftirildi. Alan\u0131nda uzman ki\u015filerin konu\u015fmac\u0131 olarak yer ald\u0131\u011f\u0131 seminer; Milliyet, Mynet gibi ulusal ve yerel olmak \u00fczere pek \u00e7ok haber sitesinde yer ald\u0131.<\/p>\n<p>Turizm Uzman\u0131, Rehber ve Belgesel Yap\u0131mc\u0131s\u0131 <strong>\u00d6zge Ersu<\/strong>,&nbsp;Kadir Has \u00dcniversitesi iNEO Giri\u015fimcilik Merkezi Sekt\u00f6rel \u0130\u015fbirli\u011fi Y\u00f6neticisi <strong>Didem T\u00fcrk\u00f6z<\/strong>, egegen SEO ve Dijital Pazarlama Uzman\u0131 <strong>\u00d6nder Ayd\u0131n<\/strong> tecr\u00fcbelerini kat\u0131l\u0131mc\u0131larla payla\u015ft\u0131.<\/p>\n<p>Bas\u0131nda yer alan \u201cTurizm Otelcilik Sekt\u00f6r\u00fc ve Dijital D\u00f6n\u00fc\u015f\u00fcm\u201d semineri ile ilgili haberlere a\u015fa\u011f\u0131daki linklerden eri\u015febilirsiniz;<\/p>\n<p><a rel=\"nofollow\" href=\"http:\/\/www.milliyet.com.tr\/egegen-den-turizm-otelcilik-sektorune-izmir-yerelhaber-2123404\/\">Milliyet<\/a>, <a rel=\"nofollow\" href=\"http:\/\/yurthaber.mynet.com\/izmir-haberleri\/egegenden-turizm-otelcilik-sektorune-dijital-donusum-konferansi-3598824\">Mynet<\/a>, <a rel=\"nofollow\" href=\"http:\/\/www.iha.com.tr\/izmir-haberleri\/egegenden-turizm-otelcilik-sektorune-dijital-donusum-konferansi-izmir-1737818\/\">\u0130HA<\/a>, <a rel=\"nofollow\" href=\"https:\/\/www.haberler.com\/egegen-den-turizm-otelcilik-sektorune-dijital-9757147-haberi\/\">Haberler.com<\/a>, <a rel=\"nofollow\" href=\"https:\/\/www.sondakika.com\/haber\/haber-egegen-den-turizm-otelcilik-sektorune-dijital-9757147\/\">SonDakika.com<\/a>, <a rel=\"nofollow\" href=\"http:\/\/www.egehaber.com\/izmir\/egegenden-turizm-otelcilik-sektorune-dijital-donusum-konferansi-h170411.html\">Ege Haber<\/a>, <a rel=\"nofollow\" href=\"http:\/\/www.istanbulhaber.com.tr\/egegenden-turizm-otelcilik-sektorune-dijital-donusum-konferansi-haber-695131.htm\">\u0130stanbul Haber Ajans\u0131<\/a><\/p>\n<p>Ayr\u0131ca seminerimiz yaz\u0131l\u0131 bas\u0131nda da yer ald\u0131;<\/p>\n<p><img class=\"alignnone size-full wp-image-3097\" src=\"https:\/\/egegen.com\/blog\/wp-content\/uploads\/2017\/06\/haber-metni.jpg\" alt=\"\" width=\"696\" height=\"333\"><\/p>\n","protected":false},"excerpt":{"rendered":"<p>egegen \u00f6nc\u00fcl\u00fc\u011f\u00fcnde, 19 Haziran 2017 tarihinde \u201cTurizm Otelcilik Sekt\u00f6r\u00fc ve Dijital D\u00f6n\u00fc\u015f\u00fcm\u201d seminerinin ikincisi \u0130zmir Ticaret Odas\u0131 Meclis Salonu&#8217;nda ger\u00e7ekle\u015ftirildi. Alan\u0131nda uzman ki\u015filerin konu\u015fmac\u0131 olarak yer ald\u0131\u011f\u0131 seminer; Milliyet, Mynet gibi ulusal ve yerel olmak \u00fczere pek \u00e7ok haber sitesinde yer ald\u0131. Turizm Uzman\u0131, Rehber ve Belgesel Yap\u0131mc\u0131s\u0131 \u00d6zge Ersu,&nbsp;Kadir Has \u00dcniversitesi iNEO Giri\u015fimcilik Merkezi &hellip;<\/p>\n","protected":false},"author":1,"featured_media":3102,"comment_status":"open","ping_status":"open","sticky":false,"template":"","format":"standard","meta":[],"categories":[179],"tags":[],"_links":{"self":[{"href":"https:\/\/egegen.com\/blog\/wp-json\/wp\/v2\/posts\/3087"}],"collection":[{"href":"https:\/\/egegen.com\/blog\/wp-json\/wp\/v2\/posts"}],"about":[{"href":"https:\/\/egegen.com\/blog\/wp-json\/wp\/v2\/types\/post"}],"author":[{"embeddable":true,"href":"https:\/\/egegen.com\/blog\/wp-json\/wp\/v2\/users\/1"}],"replies":[{"embeddable":true,"href":"https:\/\/egegen.com\/blog\/wp-json\/wp\/v2\/comments?post=3087"}],"version-history":[{"count":0,"href":"https:\/\/egegen.com\/blog\/wp-json\/wp\/v2\/posts\/3087\/revisions"}],"wp:featuredmedia":[{"embeddable":true,"href":"https:\/\/egegen.com\/blog\/wp-json\/wp\/v2\/media\/3102"}],"wp:attachment":[{"href":"https:\/\/egegen.com\/blog\/wp-json\/wp\/v2\/media?parent=3087"}],"wp:term":[{"taxonomy":"category","embeddable":true,"href":"https:\/\/egegen.com\/blog\/wp-json\/wp\/v2\/categories?post=3087"},{"taxonomy":"post_tag","embeddable":true,"href":"https:\/\/egegen.com\/blog\/wp-json\/wp\/v2\/tags?post=3087"}],"curies":[{"name":"wp","href":"https:\/\/api.w.org\/{rel}","templated":true}]}}