{"id":2501,"date":"2017-05-12T10:00:19","date_gmt":"2017-05-12T07:00:19","guid":{"rendered":"https:\/\/egegen.com\/blog\/?p=2501"},"modified":"2022-08-24T18:14:12","modified_gmt":"2022-08-24T15:14:12","slug":"egegen-iyte-25-yil-panayirinda","status":"publish","type":"post","link":"https:\/\/egegen.com\/blog\/egegen-iyte-25-yil-panayirinda\/","title":{"rendered":"egegen, \u0130YTE 25. Y\u0131l Panay\u0131r\u0131&#8217;nda!"},"content":{"rendered":"<p><strong>\u0130zmir Y\u00fcksek Teknoloji Enstit\u00fcs\u00fc<\/strong>, kurulu\u015funun <strong>25 y\u0131l\u0131na<\/strong> \u00f6zel bir panay\u0131r d\u00fczenledi. AR-GE merkezimiz <strong>\u0130YTE kamp\u00fcs\u00fc<\/strong>nde yer ald\u0131\u011f\u0131 i\u00e7in, biz de bir <strong>\u0130YTE&#8217;<\/strong>li olarak bu panay\u0131rda yerimizi ald\u0131k. <strong>11.30<\/strong>&#8216;da ba\u015flayan panay\u0131r i\u00e7in <strong>\u0130zmir ofisimizden<\/strong> ara\u00e7lar\u0131m\u0131zla harekete ge\u00e7tik.<\/p>\n<div id='gallery-1' class='gallery galleryid-2501 gallery-columns-3 gallery-size-large'><figure class='gallery-item'>\n\t\t\t<div class='gallery-icon landscape'>\n\t\t\t\t<a href='https:\/\/egegen.com\/blog\/wp-content\/uploads\/2017\/05\/egegen-arac.jpg'><img width=\"600\" height=\"400\" src=\"data:image\/png;base64,iVBORw0KGgoAAAANSUhEUgAAAYYAAADcAQMAAABOLJSDAAAAA1BMVEUAAACnej3aAAAAAXRSTlMAQObYZgAAACJJREFUaIHtwTEBAAAAwqD1T20ND6AAAAAAAAAAAAAA4N8AKvgAAUFIrrEAAAAASUVORK5CYII=\" class=\"attachment-large size-large lazy-img\" alt=\"\" data-src=\"https:\/\/egegen.com\/blog\/wp-content\/uploads\/2017\/05\/egegen-arac.jpg\" loading=\"lazy\" \/><\/a>\n\t\t\t<\/div><\/figure><figure class='gallery-item'>\n\t\t\t<div class='gallery-icon landscape'>\n\t\t\t\t<a href='https:\/\/egegen.com\/blog\/wp-content\/uploads\/2017\/05\/egegen-ekip-3.jpg'><img width=\"600\" height=\"400\" src=\"data:image\/png;base64,iVBORw0KGgoAAAANSUhEUgAAAYYAAADcAQMAAABOLJSDAAAAA1BMVEUAAACnej3aAAAAAXRSTlMAQObYZgAAACJJREFUaIHtwTEBAAAAwqD1T20ND6AAAAAAAAAAAAAA4N8AKvgAAUFIrrEAAAAASUVORK5CYII=\" class=\"attachment-large size-large lazy-img\" alt=\"\" data-src=\"https:\/\/egegen.com\/blog\/wp-content\/uploads\/2017\/05\/egegen-ekip-3.jpg\" loading=\"lazy\" \/><\/a>\n\t\t\t<\/div><\/figure><figure class='gallery-item'>\n\t\t\t<div class='gallery-icon landscape'>\n\t\t\t\t<a href='https:\/\/egegen.com\/blog\/wp-content\/uploads\/2017\/05\/egegen-ekip.jpg'><img width=\"600\" height=\"400\" src=\"data:image\/png;base64,iVBORw0KGgoAAAANSUhEUgAAAYYAAADcAQMAAABOLJSDAAAAA1BMVEUAAACnej3aAAAAAXRSTlMAQObYZgAAACJJREFUaIHtwTEBAAAAwqD1T20ND6AAAAAAAAAAAAAA4N8AKvgAAUFIrrEAAAAASUVORK5CYII=\" class=\"attachment-large size-large lazy-img\" alt=\"\" data-src=\"https:\/\/egegen.com\/blog\/wp-content\/uploads\/2017\/05\/egegen-ekip.jpg\" loading=\"lazy\" \/><\/a>\n\t\t\t<\/div><\/figure>\n\t\t<\/div>\n\n<p>Keyifli bir yolculuk ge\u00e7iren ekibimiz \u015fenlik alan\u0131na vard\u0131\u011f\u0131nda co\u015fkulu bir toplulukla kar\u015f\u0131la\u015ft\u0131. \u00dcniversite \u00f6\u011frencilerinin, \u00e7al\u0131\u015fanlar\u0131n\u0131n ve akademisyenlerin yan\u0131nda ailelerinin de \u00e7ocuklar\u0131yla kat\u0131ld\u0131\u011f\u0131 panay\u0131r bizim i\u00e7in de olduk\u00e7a keyifli ge\u00e7ti. <strong>Hulahop<\/strong> yar\u0131\u015fmas\u0131nda hediyeler kazanan ekip arkada\u015flar\u0131m\u0131z, <strong>hamster<\/strong> yar\u0131\u015fmas\u0131nda ise g\u00f6n\u00fclleri kazand\u0131 :)<\/p>\n<p>Bol bol foto\u011fraf ve video \u00e7ekildi\u011fimiz, <strong>AR-GE<\/strong> merkezimizi ziyaret etme \u015fans\u0131 yakalad\u0131\u011f\u0131m\u0131z bu g\u00fcnde yan\u0131m\u0131zda olamayan ekip arkada\u015flar\u0131m\u0131z ile, en k\u0131sa s\u00fcrede, yeni\u00a0bir etkinlikte yer almak i\u00e7in can at\u0131yoruz. Ayr\u0131ca\u00a0bizi bu panay\u0131ra davet eden <strong>Teknopark \u0130zmir<\/strong>&#8216;e te\u015fekk\u00fcrlerimizi sunuyoruz.!<\/p>\n","protected":false},"excerpt":{"rendered":"<p>\u0130zmir Y\u00fcksek Teknoloji Enstit\u00fcs\u00fc, kurulu\u015funun 25 y\u0131l\u0131na \u00f6zel bir panay\u0131r d\u00fczenledi. AR-GE merkezimiz \u0130YTE kamp\u00fcs\u00fcnde yer ald\u0131\u011f\u0131 i\u00e7in, biz de bir \u0130YTE&#8217;li olarak bu panay\u0131rda yerimizi ald\u0131k. 11.30&#8216;da ba\u015flayan panay\u0131r i\u00e7in \u0130zmir ofisimizden ara\u00e7lar\u0131m\u0131zla harekete ge\u00e7tik. Keyifli bir yolculuk ge\u00e7iren ekibimiz \u015fenlik alan\u0131na vard\u0131\u011f\u0131nda co\u015fkulu bir toplulukla kar\u015f\u0131la\u015ft\u0131. \u00dcniversite \u00f6\u011frencilerinin, \u00e7al\u0131\u015fanlar\u0131n\u0131n ve akademisyenlerin yan\u0131nda ailelerinin &hellip;<\/p>\n","protected":false},"author":1,"featured_media":2506,"comment_status":"open","ping_status":"open","sticky":false,"template":"","format":"standard","meta":[],"categories":[179],"tags":[],"_links":{"self":[{"href":"https:\/\/egegen.com\/blog\/wp-json\/wp\/v2\/posts\/2501"}],"collection":[{"href":"https:\/\/egegen.com\/blog\/wp-json\/wp\/v2\/posts"}],"about":[{"href":"https:\/\/egegen.com\/blog\/wp-json\/wp\/v2\/types\/post"}],"author":[{"embeddable":true,"href":"https:\/\/egegen.com\/blog\/wp-json\/wp\/v2\/users\/1"}],"replies":[{"embeddable":true,"href":"https:\/\/egegen.com\/blog\/wp-json\/wp\/v2\/comments?post=2501"}],"version-history":[{"count":0,"href":"https:\/\/egegen.com\/blog\/wp-json\/wp\/v2\/posts\/2501\/revisions"}],"wp:featuredmedia":[{"embeddable":true,"href":"https:\/\/egegen.com\/blog\/wp-json\/wp\/v2\/media\/2506"}],"wp:attachment":[{"href":"https:\/\/egegen.com\/blog\/wp-json\/wp\/v2\/media?parent=2501"}],"wp:term":[{"taxonomy":"category","embeddable":true,"href":"https:\/\/egegen.com\/blog\/wp-json\/wp\/v2\/categories?post=2501"},{"taxonomy":"post_tag","embeddable":true,"href":"https:\/\/egegen.com\/blog\/wp-json\/wp\/v2\/tags?post=2501"}],"curies":[{"name":"wp","href":"https:\/\/api.w.org\/{rel}","templated":true}]}}