{"id":2157,"date":"2017-04-24T11:36:11","date_gmt":"2017-04-24T08:36:11","guid":{"rendered":"https:\/\/egegen.com\/blog\/?p=2157"},"modified":"2022-09-15T17:43:09","modified_gmt":"2022-09-15T14:43:09","slug":"sennheiser-ile-samsung-3d-ses-kulakliklarini-androide-getiriyor","status":"publish","type":"post","link":"https:\/\/egegen.com\/blog\/sennheiser-ile-samsung-3d-ses-kulakliklarini-androide-getiriyor\/","title":{"rendered":"Sennheiser ile Samsung, 3D Ses Kulakl\u0131klar\u0131n\u0131 Android&#8217;e Getiriyor!"},"content":{"rendered":"<p>\u00dc\u00e7 boyutlu ses ba\u015fka bir deyi\u015fle binokal ses, kulaklar\u0131n\u0131z\u0131n duydu\u011fu olabildi\u011fince yak\u0131n \u015fekilde ses kayd\u0131 yapmakla ilgilidir.\u00a0Genellikle, insan kafas\u0131na benzemek \u00fczere yap\u0131land\u0131r\u0131lm\u0131\u015f, b\u00fcy\u00fck kay\u0131t kulplar\u0131\u00a0\u015feklinde kullan\u0131l\u0131r, ancak <strong>Sennheiser<\/strong>, i\u015flemi daha basit\u00a0hale getiriyor.\u00a0Bu y\u0131l\u0131n ba\u015flar\u0131nda <strong>Smart Surround<\/strong> CES&#8217;de, <strong>3D<\/strong> ses kaydedebilen, g\u00f6m\u00fcl\u00fc mikrofonlarla gelen Ambeo kulaki\u00e7i kulakl\u0131klar\u0131 a\u00e7\u0131klam\u0131\u015ft\u0131. Smart Surrounds sadece\u00a0<strong>iPhone<\/strong> olarak a\u00e7\u0131klam\u0131\u015ft\u0131, ancak \u015fimdi\u00a0Sennheiser, <strong>Android<\/strong>&#8216;e getirmek i\u00e7in de \u00e7al\u0131\u015f\u0131yor.<\/p>\n<p>Sennheiser CEO&#8217;su <strong>Andreas Sennheiser<\/strong>, Portekiz&#8217;deki IFA Global Bas\u0131n Konferans\u0131&#8217;nda haberi duyurdu.\u00a0Sennheiser, The Korea Herald&#8217;a \u015funlar\u0131 s\u00f6yledi: &#8220;<strong>Samsung<\/strong>&#8216;la Android cihazlar i\u00e7in kullan\u0131labilir Ambeo ak\u0131ll\u0131 kulakl\u0131klar\u0131 getirmek i\u00e7in \u00e7al\u0131\u015f\u0131yoruz.&#8221;\u00a0\u015eirket, &#8220;Ak\u0131ll\u0131 telefon pazar\u0131n\u0131n bask\u0131n bir katman\u0131, Android tabanl\u0131 telefonlar.&#8221;\u00a0diyerek, 3D ses kulakl\u0131klar\u0131n\u0131\u00a0neden <strong>Google<\/strong> mobil i\u015fletim sistemine getirmek istedi\u011fini a\u00e7\u0131klad\u0131.\u00a0Sennheiser, Samsung ile ortakl\u0131k kurarak projeye &#8220;g\u00fcvenilirlik&#8221; vereceklerini de s\u00f6zlerine ekledi.<\/p>\n<p><img class=\"alignnone size-full wp-image-2158\" src=\"https:\/\/egegen.com\/blog\/wp-content\/uploads\/2017\/04\/3d-ses-kulakl\u0131k.jpg\" alt=\"3d ses kulakl\u0131k samsung\" width=\"696\" height=\"522\" \/><\/p>\n<p>&nbsp;<\/p>\n<p>Samsung&#8217;un, <strong>Galaxy S8<\/strong> ile birlikte verilen <strong>AKG kulaki\u00e7i kulakl\u0131k<\/strong>lar \u00fcreticileri Harman&#8217;la kendi kulakl\u0131k ortakl\u0131\u011f\u0131na sahip oldu\u011funu d\u00fc\u015f\u00fcn\u00fcrsek Sennheiser&#8217;\u0131n, Android&#8217;e bir \u00e7ift \u00f6zel kulakl\u0131k getirmek i\u00e7in Samsung ile\u00a0bir ortakl\u0131k kurmak istemesi biraz garip.\u00a0Ancak Sennheiser, \u015firketin <strong>VR<\/strong>&#8216;\u0131n y\u00fckseli\u015fi ile giderek daha da \u00f6nem kazanaca\u011f\u0131n\u0131\u00a0d\u00fc\u015f\u00fcnd\u00fc\u011f\u00fcnden 3D ses stratejisine odaklan\u0131yor. \u00c7\u00fcnk\u00fc \u015firket, <strong>Ambeo kulakl\u0131k<\/strong>lar\u0131 360 derecelik bir kamera i\u00e7in m\u00fckemmel bir e\u015fle\u015ftirme olarak tan\u0131tmakta ve ayn\u0131 zamanda s\u00fcper pahal\u0131 bir &#8220;Ambeo <strong>VR Mic<\/strong>&#8221; satmaktad\u0131r.\u00a0Daha fazla m\u00fc\u015fteri \u00e7ekmek i\u00e7in de platformunu <strong>Android<\/strong> \u00fczerine almas\u0131 \u015fartt\u0131r.<\/p>\n","protected":false},"excerpt":{"rendered":"<p>\u00dc\u00e7 boyutlu ses ba\u015fka bir deyi\u015fle binokal ses, kulaklar\u0131n\u0131z\u0131n duydu\u011fu olabildi\u011fince yak\u0131n \u015fekilde ses kayd\u0131 yapmakla ilgilidir.\u00a0Genellikle, insan kafas\u0131na benzemek \u00fczere yap\u0131land\u0131r\u0131lm\u0131\u015f, b\u00fcy\u00fck kay\u0131t kulplar\u0131\u00a0\u015feklinde kullan\u0131l\u0131r, ancak Sennheiser, i\u015flemi daha basit\u00a0hale getiriyor.\u00a0Bu y\u0131l\u0131n ba\u015flar\u0131nda Smart Surround CES&#8217;de, 3D ses kaydedebilen, g\u00f6m\u00fcl\u00fc mikrofonlarla gelen Ambeo kulaki\u00e7i kulakl\u0131klar\u0131 a\u00e7\u0131klam\u0131\u015ft\u0131. Smart Surrounds sadece\u00a0iPhone olarak a\u00e7\u0131klam\u0131\u015ft\u0131, ancak \u015fimdi\u00a0Sennheiser, Android&#8216;e &hellip;<\/p>\n","protected":false},"author":1,"featured_media":2159,"comment_status":"open","ping_status":"open","sticky":false,"template":"","format":"standard","meta":[],"categories":[184],"tags":[],"_links":{"self":[{"href":"https:\/\/egegen.com\/blog\/wp-json\/wp\/v2\/posts\/2157"}],"collection":[{"href":"https:\/\/egegen.com\/blog\/wp-json\/wp\/v2\/posts"}],"about":[{"href":"https:\/\/egegen.com\/blog\/wp-json\/wp\/v2\/types\/post"}],"author":[{"embeddable":true,"href":"https:\/\/egegen.com\/blog\/wp-json\/wp\/v2\/users\/1"}],"replies":[{"embeddable":true,"href":"https:\/\/egegen.com\/blog\/wp-json\/wp\/v2\/comments?post=2157"}],"version-history":[{"count":0,"href":"https:\/\/egegen.com\/blog\/wp-json\/wp\/v2\/posts\/2157\/revisions"}],"wp:featuredmedia":[{"embeddable":true,"href":"https:\/\/egegen.com\/blog\/wp-json\/wp\/v2\/media\/2159"}],"wp:attachment":[{"href":"https:\/\/egegen.com\/blog\/wp-json\/wp\/v2\/media?parent=2157"}],"wp:term":[{"taxonomy":"category","embeddable":true,"href":"https:\/\/egegen.com\/blog\/wp-json\/wp\/v2\/categories?post=2157"},{"taxonomy":"post_tag","embeddable":true,"href":"https:\/\/egegen.com\/blog\/wp-json\/wp\/v2\/tags?post=2157"}],"curies":[{"name":"wp","href":"https:\/\/api.w.org\/{rel}","templated":true}]}}