{"id":2135,"date":"2017-04-23T00:20:41","date_gmt":"2017-04-22T21:20:41","guid":{"rendered":"https:\/\/egegen.com\/blog\/?p=2135"},"modified":"2022-08-24T18:14:14","modified_gmt":"2022-08-24T15:14:14","slug":"bayramlar-cocuklarla-renkli","status":"publish","type":"post","link":"https:\/\/egegen.com\/blog\/bayramlar-cocuklarla-renkli\/","title":{"rendered":"Bayramlar \u00c7ocuklarla Renkli!"},"content":{"rendered":"<p>23 Nisan Ulusal Egemenlik ve \u00c7ocuk Bayram\u0131, Mustafa Kemal Atat\u00fcrk&#8217;\u00fcn t\u00fcm d\u00fcnya \u00e7ocuklar\u0131na arma\u011fan\u0131d\u0131r. Din, dil, \u0131rk ayr\u0131m\u0131 yapmadan t\u00fcm d\u00fcnya \u00e7ocuklar\u0131n\u0131 bir araya getiren bug\u00fcn, \u00f6zellikle \u00fclkemizde co\u015fkuyla kutlan\u0131rken bizde de bu co\u015fku eksik olmuyor.\u00a0Bu y\u0131l 97&#8217;ncisi kutlanan 23 Nisan Ulusal Egemenlik ve \u00c7ocuk Bayram\u0131&#8217;n\u0131 egegen \u0130nternet Hizmetleri olarak can\u0131 g\u00f6n\u00fclden kutluyoruz!<\/p>\n<p>23 Nisan; 7&#8217;den 70&#8217;e herkesin ulusal bayram\u0131d\u0131r.\u00a0Bu bayram \u00fclkemizde\u00a0farkl\u0131 pek \u00e7ok \u00fclkeden gelen \u00e7ocuklarla kutlan\u0131yor.\u00a0Bu bayram i\u00e7in\u00a0\u00e7e\u015fitli g\u00f6steriler haz\u0131rlan\u0131yor, okullarda etkinlikler ve t\u00f6renler d\u00fczenleniyor, sokaklar bayraklarla s\u00fcsleniyor. Ayr\u0131ca 23 Nisan gelene\u011fi olarak;\u00a0\u00e7ocuklar makama kabul ediliyor ve makam koltuklar\u0131 bir g\u00fcn de olsa \u00e7ocuklar\u0131n oluyor!<\/p>\n<p>Mustafa Kemal asl\u0131nda \u00e7ocuklara bir bayram de\u011fil, bir gelecek, bir \u00fcmit b\u0131rakm\u0131\u015ft\u0131r. D\u00fcnya&#8217;da tarih her Nisan&#8217;\u0131n 23&#8217;\u00fcn\u00fc g\u00f6sterdi\u011finde, \u015fu an\u0131n k\u00fc\u00e7\u00fckleri bu \u00fclkenin gelece\u011fi olduklar\u0131 hissini kalplerinde daima ta\u015f\u0131yacaklard\u0131r.<\/p>\n<p>Her \u00e7ocuk bu \u00fclkeye bir arma\u011fand\u0131r !<\/p>\n","protected":false},"excerpt":{"rendered":"<p>23 Nisan Ulusal Egemenlik ve \u00c7ocuk Bayram\u0131, Mustafa Kemal Atat\u00fcrk&#8217;\u00fcn t\u00fcm d\u00fcnya \u00e7ocuklar\u0131na arma\u011fan\u0131d\u0131r. Din, dil, \u0131rk ayr\u0131m\u0131 yapmadan t\u00fcm d\u00fcnya \u00e7ocuklar\u0131n\u0131 bir araya getiren bug\u00fcn, \u00f6zellikle \u00fclkemizde co\u015fkuyla kutlan\u0131rken bizde de bu co\u015fku eksik olmuyor.\u00a0Bu y\u0131l 97&#8217;ncisi kutlanan 23 Nisan Ulusal Egemenlik ve \u00c7ocuk Bayram\u0131&#8217;n\u0131 egegen \u0130nternet Hizmetleri olarak can\u0131 g\u00f6n\u00fclden kutluyoruz! 23 Nisan; &hellip;<\/p>\n","protected":false},"author":1,"featured_media":2216,"comment_status":"open","ping_status":"open","sticky":false,"template":"","format":"standard","meta":[],"categories":[179],"tags":[],"_links":{"self":[{"href":"https:\/\/egegen.com\/blog\/wp-json\/wp\/v2\/posts\/2135"}],"collection":[{"href":"https:\/\/egegen.com\/blog\/wp-json\/wp\/v2\/posts"}],"about":[{"href":"https:\/\/egegen.com\/blog\/wp-json\/wp\/v2\/types\/post"}],"author":[{"embeddable":true,"href":"https:\/\/egegen.com\/blog\/wp-json\/wp\/v2\/users\/1"}],"replies":[{"embeddable":true,"href":"https:\/\/egegen.com\/blog\/wp-json\/wp\/v2\/comments?post=2135"}],"version-history":[{"count":0,"href":"https:\/\/egegen.com\/blog\/wp-json\/wp\/v2\/posts\/2135\/revisions"}],"wp:featuredmedia":[{"embeddable":true,"href":"https:\/\/egegen.com\/blog\/wp-json\/wp\/v2\/media\/2216"}],"wp:attachment":[{"href":"https:\/\/egegen.com\/blog\/wp-json\/wp\/v2\/media?parent=2135"}],"wp:term":[{"taxonomy":"category","embeddable":true,"href":"https:\/\/egegen.com\/blog\/wp-json\/wp\/v2\/categories?post=2135"},{"taxonomy":"post_tag","embeddable":true,"href":"https:\/\/egegen.com\/blog\/wp-json\/wp\/v2\/tags?post=2135"}],"curies":[{"name":"wp","href":"https:\/\/api.w.org\/{rel}","templated":true}]}}