{"id":2033,"date":"2017-04-19T09:29:51","date_gmt":"2017-04-19T06:29:51","guid":{"rendered":"https:\/\/egegen.com\/blog\/?p=2033"},"modified":"2022-09-15T17:39:32","modified_gmt":"2022-09-15T14:39:32","slug":"facebook-f8-konferansinda-duyurulan-yenilikler","status":"publish","type":"post","link":"https:\/\/egegen.com\/blog\/facebook-f8-konferansinda-duyurulan-yenilikler\/","title":{"rendered":"Facebook F8 Konferans\u0131&#8217;nda Duyurulan Yenilikler"},"content":{"rendered":"<p><strong>Facebook<\/strong>&#8216;un y\u0131ll\u0131k geli\u015ftirici konferans\u0131 olan <strong>F8<\/strong>,\u00a0bug\u00fcn de devam edecek.\u00a0D\u00fcnk\u00fc konferansta tan\u0131t\u0131lan yeniliklerin neler oldu\u011funu a\u015fa\u011f\u0131daki ba\u015fl\u0131klardan \u00f6\u011frenebilirsiniz.<\/p>\n<h2>\u0130\u015fte Facebook F8 Konferans\u0131&#8217;nda Duyurulan Yenilikler<\/h2>\n<h3>AR St\u00fcdyo: Foto\u011fraf makinenizdeki bir AR Platformu<\/h3>\n<p><strong>Mark Zuckerberg<\/strong>, &#8220;Fiziksel d\u00fcnyay\u0131 \u00e7evrimi\u00e7i olarak geni\u015fletme&#8221; arzusunu dile getirdi ve her birimizin sanal satran\u00e7 d\u00fcnyas\u0131n\u0131 ayr\u0131nt\u0131land\u0131rmak i\u00e7in arkas\u0131ndaki monit\u00f6r\u00fc kullanmadan \u00f6nce &#8220;hayat\u0131m\u0131zdaki ka\u00e7 \u015feyin fiziksel olmas\u0131 gerekmedi\u011fini d\u00fc\u015f\u00fcnmemizi&#8221; istedi.\u00a0Zuckerberg, <strong>Facebook<\/strong>\u00a0ekibinin <strong>AR<\/strong> i\u00e7in \u00fc\u00e7 \u00f6zel kullan\u0131m durumu \u00fczerinde \u00e7al\u0131\u015ft\u0131\u011f\u0131n\u0131 belirtti;<\/p>\n<ul>\n<li>Bilgi g\u00f6r\u00fcnt\u00fcleme yetene\u011fi<\/li>\n<li>Resim ve videolara dijital nesneler ekleme \u00f6zelli\u011fi<\/li>\n<li>Mevcut nesneleri geli\u015ftirme kabiliyeti<\/li>\n<\/ul>\n<p>Zuckerberg, <strong>SLAM<\/strong> olarak bilinen bir teknolojiyi ile (ayn\u0131 anda yerelle\u015ftirme ve haritalama), \u00f6rnek olmas\u0131 a\u00e7\u0131s\u0131ndan\u00a0bir m\u0131s\u0131r gevre\u011fi kasesini\u00a0kullanarak a\u015f\u0131r\u0131\u00a0duyarl\u0131 konum haritalama teknolojisinin bir demosunu sundu.\u00a0Karma\u015f\u0131k ger\u00e7ek zamanl\u0131 g\u00f6rsel bilgileri kullanarak e\u011flenceli bir AR deneyimine d\u00f6n\u00fc\u015ft\u00fcrd\u00fc; sanki g\u00fcn\u00fcn en \u00f6nemli yemekleri, kasede dola\u015fan k\u00f6pekbal\u0131klar\u0131 ile masa ba\u015f\u0131ndaym\u0131\u015f gibiydi.\u00a0\u00c7ok etkileyiciydi ve <strong>SLAM<\/strong>&#8216;\u0131n en \u00e7ok, dakika konum bilgilerini alg\u0131lamada ve ger\u00e7ek d\u00fcnyadaki deneyimler i\u00e7in dijital flourishes eklemek i\u00e7in haritaya koymada ne kadar g\u00fc\u00e7l\u00fc oldu\u011funu g\u00f6sterdi.<\/p>\n<p>Zeckerberg, ger\u00e7ek\u00e7i <strong>3D<\/strong> nesneler elde etmek i\u00e7in, hassas konum takibi yapman\u0131z gerekti\u011fini s\u00f6yledi.\u00a0SLAM sadece Facebook&#8217;un yeni <strong>AR platformu<\/strong> i\u00e7in sunuluyor gibi g\u00f6r\u00fcn\u00fcyor.\u00a0SLAM&#8217;den, basit bir 2D hareketsiz g\u00f6r\u00fcnt\u00fcs\u00fc \u00e7ekebilir, ayd\u0131nlatmay\u0131 ayarlayabilir, oday\u0131 su ile doldurabilir, canland\u0131r\u0131c\u0131 toplar ekleyebilir ya da ya\u011fmur ya\u011fmas\u0131 gibi e\u011flenceli efektlere, d\u00f6nd\u00fcrme \/ kayd\u0131rma kameras\u0131na izin verebilirsiniz.<\/p>\n<p><strong>Facebook<\/strong> di\u011fer kullan\u0131m durumlar\u0131 \u00fczerinde de \u00e7al\u0131\u015f\u0131yor. \u00c7al\u0131\u015fmalar\u0131n\u0131z\u0131 yeni yollarla g\u00f6rselle\u015ftirmek ve payla\u015fmak i\u00e7in Nike&#8217;\u0131n bir AR arac\u0131 bulunur. Etkileri \u00e7o\u011funlukla\u00a0sa\u00e7ma, ancak verileri \u00e7al\u0131\u015ft\u0131rmak i\u00e7in ter, ko\u015fu band\u0131 veya yeni arka planlar gibi ki\u015fisel dokunu\u015flar\u0131n eklenmesi, kullan\u0131c\u0131lar\u0131n Facebook&#8217;ta daha fazla ki\u015fisel veri payla\u015fmas\u0131na neden olabilir.\u00a0Unutmay\u0131n ki \u015firket, insanlar\u0131n ki\u015fisel durum g\u00fcncellemelerini payla\u015fmalar\u0131n\u0131\u00a0istiyor.\u00a0\u015eimdi, \u00e7o\u011fumuz Facebook&#8217;u; Messenger&#8217;da konu\u015fmak, bir i\u015fletme sayfas\u0131n\u0131 y\u00f6netmek, haber ve videolar\u0131 payla\u015fmak i\u00e7in\u00a0kullan\u0131yoruz.\u00a0Resimlere ve videolara ki\u015fisel dokunu\u015flar eklenmesi sorunu d\u00fczeltebilir.\u00a0Ya da, en az\u0131ndan Facebook&#8217;un umdu\u011fu \u015fey bu.<\/p>\n<p><strong>AR platformu<\/strong>nun belki de en haval\u0131 \u00f6zelli\u011fi, her g\u00fcn nesneye not ekleyebilme. Yani\u00a0en sevdi\u011finiz men\u00fc \u00f6\u011felerini bir lokantada dola\u015ft\u0131rabilir, en iyi masay\u0131 bir barda i\u015faretleyebilir veya e\u015finiz i\u00e7in buzdolab\u0131nda bir not b\u0131rakabilirsiniz.\u00a0Bunlar\u0131n hepsi AR i\u00e7in hem pratik hem de faydal\u0131 ek kullan\u0131m \u00f6rnekleri sunuyor.\u00a0Platform ve Market VP&#8217;si <strong>Deb Liu<\/strong>; geli\u015ftiricilerin gelecek aylarda el ve hareket izleme gibi baz\u0131 harika \u00f6zelliklerini de a\u00e7\u0131klad\u0131.\u00a0Platformun daha ileri \u00f6zellikleri bu y\u0131l\u0131n ilerleyen\u00a0zamanlar\u0131nda piyasaya s\u00fcr\u00fclecek.<\/p>\n<h3>Resim Tan\u0131ma<\/h3>\n<p><strong>Facebook CTO Mike Schroepfer<\/strong>, \u015firketin imaj tan\u0131ma konusundaki ilerlemeleri hakk\u0131nda konu\u015fmak i\u00e7in sahne ald\u0131.\u00a02012&#8217;de resim i\u00e7eri\u011fi hakk\u0131nda temel hesaplamalar yapabilen basit bir sinir a\u011f\u0131 olan &#8216;<strong>alexanet<\/strong>&#8216; ile ba\u015flad\u0131. Harika de\u011fildi ama foto\u011frafta bir ki\u015fi olsayd\u0131 veya bir a\u011fa\u00e7 olsayd\u0131, belki de alexanet varl\u0131\u011f\u0131n\u0131 g\u00f6sterebilirdi. Teknoloji oradan geli\u015fti.\u00a02015 y\u0131l\u0131na gelindi\u011finde, Facebook g\u00f6r\u00fcnt\u00fcdeki birden \u00e7ok nesneyi tan\u0131yabiliyor ve (\u00e7o\u011funlukla) onlar\u0131 buna g\u00f6re maskeleyebiliyordu.<\/p>\n<p><img class=\"alignnone size-full wp-image-2040\" src=\"https:\/\/egegen.com\/blog\/wp-content\/uploads\/2017\/04\/facebook-f8-2-e1492582045215.jpg\" alt=\"\" width=\"612\" height=\"306\" \/><\/p>\n<p>Ve \u015fimdi, <strong>Mask 4-CNN<\/strong> olarak bilinen bir teknoloji kullanan Facebook, bir g\u00f6r\u00fcnt\u00fcn\u00fcn her bir nesnesinin etraf\u0131nda, keskin bir maske \u00e7izip tan\u0131mlayabilir. Sahne ile ili\u015fkili olarak bilgisayara (veya insan\u0131na) tam olarak ne kadar poz verdi\u011fi ve y\u00f6nlendirdi\u011fi i\u00e7in 17 nokta anahtar indirgeme kullanabilir.\u00a0Bu olduk\u00e7a heyecan verici. Ge\u00e7en ay piyasaya yeni giren <strong>Mask 4-CNN<\/strong>, Facebook kullan\u0131c\u0131lar\u0131na ger\u00e7ek zamanl\u0131 bir g\u00f6r\u00fcnt\u00fcdeki nesneleri tamamen kald\u0131rma se\u00e7ene\u011fi sunuyor.\u00a0Schroepfer, bir r\u00fczgar s\u00f6rf\u00e7\u00fcs\u00fcn\u00fcn sahneye girdi\u011fi okyanusun bir videosunu kulland\u0131.\u00a0Videoyu \u00e7ekerken Schroepfer, r\u00fczgar s\u00f6rf\u00e7\u00fcs\u00fcn\u00fc \u00e7\u0131kar\u0131p arkas\u0131ndaki okyanus g\u00f6r\u00fcnt\u00fcs\u00fcn\u00fc alabildi.<\/p>\n<p>Affedici de\u011fil ama do\u011fru buldu\u011funuzda sonu\u00e7lar olduk\u00e7a \u015fa\u015f\u0131rt\u0131c\u0131. Bu yenilik, ger\u00e7ek d\u00fcnyadaki girdileri al\u0131p sanal ortamlar yaratmak i\u00e7in\u00a0u\u011fra\u015f\u0131rken, <strong>Oculus<\/strong>&#8216;a (ya da Facebook&#8217;un yeni prototip kulakl\u0131k setine, SLAM ile ba\u011f\u0131ms\u0131z bir model ve d\u00f6rt izleme kameras\u0131na) yard\u0131mc\u0131 olacak bir teknoloji t\u00fcr\u00fcd\u00fcr.<\/p>\n<h3>Facebook Spaces<\/h3>\n<p>Ard\u0131ndan, Sosyal VR Ba\u015fkan\u0131 <strong>Rachel Franklin<\/strong> sahne ald\u0131.\u00a0Facebook&#8217;un ilk sosyal VR uygulamas\u0131 olan Spaces&#8217;i a\u00e7\u0131klamadan \u00f6nce &#8220;<strong>VR<\/strong> do\u011fal olarak sosyal bir platform ve bunu merkezdeki insanlarla in\u015fa ediyoruz&#8221; dedi.<\/p>\n<p>Uygulama, Facebook&#8217;ta sanal d\u00fcnyayla etkile\u015fime giren\u00a0herkes i\u00e7in getiriliyor.\u00a0Bir avatar olu\u015fturduktan sonra, VR deneyimine kat\u0131lmak i\u00e7in \u00fc\u00e7 ki\u015fiyi bulmal\u0131s\u0131n.\u00a0Bu sosyal deneyimler, kullan\u0131c\u0131lar\u0131n 360 derecelik videoya birlikte bakmas\u0131n\u0131, sanal bir gece ge\u00e7irmesini veya yeni apartman\u0131n\u0131z\u0131 arkada\u015flar\u0131n\u0131z\u0131n ve ailenizin, Facebook&#8217;un sanal alan\u0131n\u0131n her yerinde\u00a0g\u00f6sterebilmesini sa\u011fl\u0131yor.<\/p>\n<p>Daha iyisi, VR kulakl\u0131\u011fa sahip olmayan arkada\u015flar\u0131n\u0131z\u0131 arayabilir ve Messenger&#8217;da video g\u00f6r\u00fc\u015fmesi yaparak, onlarla sanal bir oturum a\u00e7abilirsiniz.\u00a0<strong>Facebook Spaces<\/strong>, g\u00fcn\u00fcm\u00fczde Oculus ma\u011fazas\u0131nda daha sonra da beta olarak piyasaya s\u00fcr\u00fcld\u00fc.<\/p>\n<h2>Messenger Platform 2.0<\/h2>\n<p><img class=\"alignnone size-full wp-image-2041\" src=\"https:\/\/egegen.com\/blog\/wp-content\/uploads\/2017\/04\/messenger-platform-2.0-e1492582098925.png\" alt=\"\" width=\"650\" height=\"309\" \/><\/p>\n<p>Facebook&#8217;un Mesajla\u015fma \u00dcr\u00fcnleri Ba\u015fkan Yard\u0131mc\u0131s\u0131 <strong>David Marcus<\/strong>, a\u00e7\u0131l\u0131\u015f notunu kapatt\u0131.\u00a0<strong>Messenger<\/strong> platformunda kaydedilen ilerlemenin di\u011fer herhangi bir kanaldan % 30 daha y\u00fcksek oranda oldu\u011funu ve Rogers&#8217;\u0131n m\u00fc\u015fteri memnuniyeti puanlar\u0131n\u0131n Messenger&#8217;da m\u00fc\u015fteri hizmetleri sa\u011flad\u0131\u011f\u0131ndan beri y\u00fczde 60 artt\u0131\u011f\u0131n\u0131 belirtti.<\/p>\n<p>\u0130lk ve belki de en heyecan verici yenilik, hem <strong>Spotify<\/strong> hem de <strong>Apple Music<\/strong>&#8216;in platforma geliyor olmas\u0131. Art\u0131k Messenger i\u00e7erisindeki yap\u0131\u015ft\u0131rma ba\u011flant\u0131lar\u0131n\u0131 kapatabilecek anahtarlama uygulamas\u0131 olmayacak. \u0130kisi de gruptan g\u00f6r\u00fcnt\u00fcl\u00fc sohbet bile olsa, yerel deneyimler sunabilecek.<\/p>\n<p>Ard\u0131ndan Marcus, yerel b\u00f6lgenizdeki en iyi botlar\u0131 ve etkile\u015fimleri sunarak &#8220;ke\u015fif yat\u0131r\u0131m&#8221; iste\u011fini ayr\u0131nt\u0131lar\u0131yla anlatt\u0131.\u00a0Ge\u00e7en Eyl\u00fcl ay\u0131nda 33.000 botla ba\u015flayan \u015fey \u015fu anda 100.000&#8217;in \u00fcst\u00fcnde ve ke\u015ffe \u015fiddetle ihtiya\u00e7 duyuldu. Bunlarla birlikte mant\u0131ksal olarak ilerleme kaydedebilir ve bir kez daha ek i\u015fletmeler <strong>Facebook<\/strong>&#8216;un \u00f6deme program\u0131na atlama yaparsa, Messenger, g\u00fcnl\u00fck hayat\u0131m\u0131z\u0131n bir par\u00e7as\u0131 haline gelebilir.<\/p>\n<p>Ve son olarak Marcus, Facebook&#8217;un <strong>Oyunlar<\/strong> platformuna gelecek baz\u0131 g\u00fcncellemeleri detayland\u0131rd\u0131. G\u00fcncelleme, oynamakta oldu\u011funuz oyunlar\u0131 izleyebilece\u011finiz yeni sekmelerin yan\u0131 s\u0131ra arkada\u015flar\u0131n\u0131z i\u00e7in gelen zorluklar\u0131 da i\u00e7ermektedir. Marcus bug\u00fcne kadar 1.5 milyardan fazla oyun oynand\u0131\u011f\u0131n\u0131 s\u00f6yledi.<\/p>\n","protected":false},"excerpt":{"rendered":"<p>Facebook&#8216;un y\u0131ll\u0131k geli\u015ftirici konferans\u0131 olan F8,\u00a0bug\u00fcn de devam edecek.\u00a0D\u00fcnk\u00fc konferansta tan\u0131t\u0131lan yeniliklerin neler oldu\u011funu a\u015fa\u011f\u0131daki ba\u015fl\u0131klardan \u00f6\u011frenebilirsiniz. \u0130\u015fte Facebook F8 Konferans\u0131&#8217;nda Duyurulan Yenilikler AR St\u00fcdyo: Foto\u011fraf makinenizdeki bir AR Platformu Mark Zuckerberg, &#8220;Fiziksel d\u00fcnyay\u0131 \u00e7evrimi\u00e7i olarak geni\u015fletme&#8221; arzusunu dile getirdi ve her birimizin sanal satran\u00e7 d\u00fcnyas\u0131n\u0131 ayr\u0131nt\u0131land\u0131rmak i\u00e7in arkas\u0131ndaki monit\u00f6r\u00fc kullanmadan \u00f6nce &#8220;hayat\u0131m\u0131zdaki ka\u00e7 \u015feyin &hellip;<\/p>\n","protected":false},"author":1,"featured_media":2043,"comment_status":"open","ping_status":"open","sticky":false,"template":"","format":"standard","meta":[],"categories":[184],"tags":[],"_links":{"self":[{"href":"https:\/\/egegen.com\/blog\/wp-json\/wp\/v2\/posts\/2033"}],"collection":[{"href":"https:\/\/egegen.com\/blog\/wp-json\/wp\/v2\/posts"}],"about":[{"href":"https:\/\/egegen.com\/blog\/wp-json\/wp\/v2\/types\/post"}],"author":[{"embeddable":true,"href":"https:\/\/egegen.com\/blog\/wp-json\/wp\/v2\/users\/1"}],"replies":[{"embeddable":true,"href":"https:\/\/egegen.com\/blog\/wp-json\/wp\/v2\/comments?post=2033"}],"version-history":[{"count":0,"href":"https:\/\/egegen.com\/blog\/wp-json\/wp\/v2\/posts\/2033\/revisions"}],"wp:featuredmedia":[{"embeddable":true,"href":"https:\/\/egegen.com\/blog\/wp-json\/wp\/v2\/media\/2043"}],"wp:attachment":[{"href":"https:\/\/egegen.com\/blog\/wp-json\/wp\/v2\/media?parent=2033"}],"wp:term":[{"taxonomy":"category","embeddable":true,"href":"https:\/\/egegen.com\/blog\/wp-json\/wp\/v2\/categories?post=2033"},{"taxonomy":"post_tag","embeddable":true,"href":"https:\/\/egegen.com\/blog\/wp-json\/wp\/v2\/tags?post=2033"}],"curies":[{"name":"wp","href":"https:\/\/api.w.org\/{rel}","templated":true}]}}