{"id":2018,"date":"2017-04-18T09:57:46","date_gmt":"2017-04-18T06:57:46","guid":{"rendered":"https:\/\/egegen.com\/blog\/?p=2018"},"modified":"2022-09-15T17:39:35","modified_gmt":"2022-09-15T14:39:35","slug":"apple-ucuncu-macos-10-12-5-beta-surumunu-piyasaya-surdu","status":"publish","type":"post","link":"https:\/\/egegen.com\/blog\/apple-ucuncu-macos-10-12-5-beta-surumunu-piyasaya-surdu\/","title":{"rendered":"Apple, \u00dc\u00e7\u00fcnc\u00fc macOS 10.12.5 Beta S\u00fcr\u00fcm\u00fcn\u00fc Piyasaya S\u00fcrd\u00fc"},"content":{"rendered":"<p><strong>Apple<\/strong>, <strong>Mac App Store<\/strong> arac\u0131l\u0131\u011f\u0131yla \u00fc\u00e7\u00fcnc\u00fc <strong>macOS 10.12.5<\/strong> geli\u015ftirici beta s\u00fcr\u00fcm\u00fcn\u00fc \u00e7\u0131karmaya ba\u015flad\u0131.\u00a0G\u00fcncelle\u015ftirme, <strong>macOS 10.12.4<\/strong> g\u00fcncelle\u015ftirmesini\u00a0izliyor.\u00a010.12.4 s\u00fcrprizlerle doluydu ve hat\u0131rlarsan\u0131z, gece kayd\u0131rma \u00f6zelli\u011fiyle Mac&#8217;in renk de\u011fi\u015ftirmesini sa\u011fl\u0131yordu.\u00a0En yeni beta&#8217;n\u0131n heyecan verici olmas\u0131n\u0131 dileyelim.<\/p>\n<p>Muhtemelen en yeni beta serisinin ne oldu\u011funu g\u00f6rmek i\u00e7in biraz beklemek zorunda kalaca\u011f\u0131z. Bu belirli s\u00fcr\u00fcm geli\u015ftiricilerle s\u0131n\u0131rl\u0131 ve genel beta s\u00fcr\u00fcm\u00fc kullan\u0131ma girmeden \u00f6nce bir s\u00fcre beklemek zorunda kalaca\u011f\u0131z. <strong>Apple<\/strong>&#8216;\u0131n geli\u015fmekte olan betay\u0131 halka a\u00e7\u0131k s\u00fcr\u00fcmlerle takip ederken ya\u015fad\u0131klar\u0131 g\u00f6z \u00f6n\u00fcne al\u0131nd\u0131\u011f\u0131nda beta s\u00fcr\u00fcm\u00fcn\u00fcn kullan\u0131ma girip girmeyece\u011fi kesin de\u011fildir. Herkese a\u00e7\u0131k beta s\u00fcr\u00fcm\u00fcn\u00fc yar\u0131n veya bir hafta sonra yay\u0131nlayabilir.<\/p>\n<p><img class=\"alignnone size-full wp-image-2019\" src=\"https:\/\/egegen.com\/blog\/wp-content\/uploads\/2017\/04\/macos-10.12.5-e1492498565183.png\" alt=\"\" width=\"650\" height=\"235\" \/><\/p>\n<p>Bu arada, s\u00fcr\u00fcm notlar\u0131n\u0131n olmamas\u0131 bunun nispeten k\u00fc\u00e7\u00fck bir g\u00fcncelleme oldu\u011fu anlam\u0131na gelebilir. Apple&#8217;\u0131n ger\u00e7ekle\u015fecek <strong>WWDC<\/strong> etkinli\u011finde <strong>macOS 10.13<\/strong>&#8216;\u00fcn a\u00e7\u0131klanmas\u0131n\u0131 bekliyoruz.\u00a0Bu nedenle, <strong>10.12.5<\/strong>&#8216;in yaln\u0131zca bir g\u00fcncelleme \u00f6nc\u00fcs\u00fc oldu\u011fu ve platformdaki hatalar i\u00e7in d\u00fczeltmeler i\u00e7erdi\u011fi olas\u0131l\u0131\u011f\u0131 y\u00fcksektir.<\/p>\n","protected":false},"excerpt":{"rendered":"<p>Apple, Mac App Store arac\u0131l\u0131\u011f\u0131yla \u00fc\u00e7\u00fcnc\u00fc macOS 10.12.5 geli\u015ftirici beta s\u00fcr\u00fcm\u00fcn\u00fc \u00e7\u0131karmaya ba\u015flad\u0131.\u00a0G\u00fcncelle\u015ftirme, macOS 10.12.4 g\u00fcncelle\u015ftirmesini\u00a0izliyor.\u00a010.12.4 s\u00fcrprizlerle doluydu ve hat\u0131rlarsan\u0131z, gece kayd\u0131rma \u00f6zelli\u011fiyle Mac&#8217;in renk de\u011fi\u015ftirmesini sa\u011fl\u0131yordu.\u00a0En yeni beta&#8217;n\u0131n heyecan verici olmas\u0131n\u0131 dileyelim. Muhtemelen en yeni beta serisinin ne oldu\u011funu g\u00f6rmek i\u00e7in biraz beklemek zorunda kalaca\u011f\u0131z. Bu belirli s\u00fcr\u00fcm geli\u015ftiricilerle s\u0131n\u0131rl\u0131 ve genel beta s\u00fcr\u00fcm\u00fc &hellip;<\/p>\n","protected":false},"author":1,"featured_media":2020,"comment_status":"open","ping_status":"open","sticky":false,"template":"","format":"standard","meta":[],"categories":[184],"tags":[],"_links":{"self":[{"href":"https:\/\/egegen.com\/blog\/wp-json\/wp\/v2\/posts\/2018"}],"collection":[{"href":"https:\/\/egegen.com\/blog\/wp-json\/wp\/v2\/posts"}],"about":[{"href":"https:\/\/egegen.com\/blog\/wp-json\/wp\/v2\/types\/post"}],"author":[{"embeddable":true,"href":"https:\/\/egegen.com\/blog\/wp-json\/wp\/v2\/users\/1"}],"replies":[{"embeddable":true,"href":"https:\/\/egegen.com\/blog\/wp-json\/wp\/v2\/comments?post=2018"}],"version-history":[{"count":0,"href":"https:\/\/egegen.com\/blog\/wp-json\/wp\/v2\/posts\/2018\/revisions"}],"wp:featuredmedia":[{"embeddable":true,"href":"https:\/\/egegen.com\/blog\/wp-json\/wp\/v2\/media\/2020"}],"wp:attachment":[{"href":"https:\/\/egegen.com\/blog\/wp-json\/wp\/v2\/media?parent=2018"}],"wp:term":[{"taxonomy":"category","embeddable":true,"href":"https:\/\/egegen.com\/blog\/wp-json\/wp\/v2\/categories?post=2018"},{"taxonomy":"post_tag","embeddable":true,"href":"https:\/\/egegen.com\/blog\/wp-json\/wp\/v2\/tags?post=2018"}],"curies":[{"name":"wp","href":"https:\/\/api.w.org\/{rel}","templated":true}]}}