{"id":1929,"date":"2017-04-13T17:24:36","date_gmt":"2017-04-13T14:24:36","guid":{"rendered":"https:\/\/egegen.com\/blog\/?p=1929"},"modified":"2022-09-15T17:39:47","modified_gmt":"2022-09-15T14:39:47","slug":"facebook-messenger-aylik-1-2-milyar-aktif-kullaniciya-eristi","status":"publish","type":"post","link":"https:\/\/egegen.com\/blog\/facebook-messenger-aylik-1-2-milyar-aktif-kullaniciya-eristi\/","title":{"rendered":"Facebook Messenger Ayl\u0131k 1.2 Milyar Aktif Kullan\u0131c\u0131ya Eri\u015fti"},"content":{"rendered":"<p>200 milyon yeni aktif kullan\u0131c\u0131 edinmek, herhangi bir \u015firket i\u00e7in kutlamaya lay\u0131k bir ba\u015far\u0131 olurdu.\u00a0Ancak, zaten bir milyar kullan\u0131c\u0131ya sahip oldu\u011funuzda bu say\u0131y\u0131 d\u00fc\u015f\u00fcnm\u00fcyorsunuz bile.\u00a0<strong>Facebook Messenger<\/strong> son zamanlarda bu ba\u015far\u0131y\u0131 elde etti ve yaln\u0131zca sekiz ayl\u0131k bir s\u00fcrede 200 milyondan fazla kullan\u0131c\u0131y\u0131 hizmete ekledi.<\/p>\n<p><strong>Anand Chandrasekaran<\/strong>; &#8220;T\u00fcm Messenger ekibi ad\u0131na, her ay Messenger&#8217;\u0131 kullanan 1.2 milyardan fazla ki\u015finin b\u00fcy\u00fcyen toplulu\u011funa te\u015fekk\u00fcr ederiz. Sizin i\u00e7in \u00f6nemli olan insanlarla ve i\u015fletmelerle ileti\u015fim kurmak i\u00e7in Messenger&#8217;\u0131 kullanmaya devam etti\u011finiz i\u00e7in minnettar\u0131z.&#8221; dedi.<\/p>\n<p><img class=\"alignnone size-full wp-image-1930\" src=\"https:\/\/egegen.com\/blog\/wp-content\/uploads\/2017\/04\/facebook-messenger.jpg\" alt=\"messenger\" width=\"1215\" height=\"820\" \/><\/p>\n<p>Facebook&#8217;a g\u00f6re b\u00fcy\u00fcme biraz daha yava\u015ft\u0131, \u00e7\u00fcnk\u00fc <strong>Facebook<\/strong> 200 milyon kullan\u0131c\u0131 say\u0131s\u0131n\u0131 son 6 ayda eklemeyi ba\u015fard\u0131. Ama, bir hizmet artt\u0131k\u00e7a mevcut kullan\u0131c\u0131 say\u0131s\u0131 azal\u0131yor, bu nedenle b\u00fcy\u00fcme oran\u0131nda hafif bir d\u00fc\u015f\u00fc\u015f bekleniyor. Messenger bir zamanlar\u00a0telefon numaralar\u0131n\u0131 sizinle payla\u015fmayan insanlarla konu\u015fmak i\u00e7in kulland\u0131\u011f\u0131n\u0131z bir platformdu.<\/p>\n<p>Uygulama pek \u00e7ok kullan\u0131c\u0131 i\u00e7in bir ileti\u015fim modu haline geldi.\u00a0Bu, uygulaman\u0131n asl\u0131nda ileti\u015fim kurman\u0131n en kolay yollar\u0131ndan biri oldu\u011fu ger\u00e7e\u011fi de dahil olmak \u00fczere \u00e7e\u015fitli nedenlerden dolay\u0131 m\u00fcmk\u00fcnd\u00fcr. Evet <strong>chatbot<\/strong>lar ba\u015far\u0131s\u0131z oldu, ancak Facebook&#8217;un <strong>Messenger<\/strong> i\u00e7inde uygulad\u0131\u011f\u0131 di\u011fer \u00f6zellikler bunun istikrarl\u0131 bir \u015fekilde b\u00fcy\u00fcmeye devam etti\u011fi anlam\u0131n\u0131 \u00e7\u0131kart\u0131yor.<\/p>\n","protected":false},"excerpt":{"rendered":"<p>200 milyon yeni aktif kullan\u0131c\u0131 edinmek, herhangi bir \u015firket i\u00e7in kutlamaya lay\u0131k bir ba\u015far\u0131 olurdu.\u00a0Ancak, zaten bir milyar kullan\u0131c\u0131ya sahip oldu\u011funuzda bu say\u0131y\u0131 d\u00fc\u015f\u00fcnm\u00fcyorsunuz bile.\u00a0Facebook Messenger son zamanlarda bu ba\u015far\u0131y\u0131 elde etti ve yaln\u0131zca sekiz ayl\u0131k bir s\u00fcrede 200 milyondan fazla kullan\u0131c\u0131y\u0131 hizmete ekledi. Anand Chandrasekaran; &#8220;T\u00fcm Messenger ekibi ad\u0131na, her ay Messenger&#8217;\u0131 kullanan 1.2 &hellip;<\/p>\n","protected":false},"author":1,"featured_media":1931,"comment_status":"open","ping_status":"open","sticky":false,"template":"","format":"standard","meta":[],"categories":[176],"tags":[],"_links":{"self":[{"href":"https:\/\/egegen.com\/blog\/wp-json\/wp\/v2\/posts\/1929"}],"collection":[{"href":"https:\/\/egegen.com\/blog\/wp-json\/wp\/v2\/posts"}],"about":[{"href":"https:\/\/egegen.com\/blog\/wp-json\/wp\/v2\/types\/post"}],"author":[{"embeddable":true,"href":"https:\/\/egegen.com\/blog\/wp-json\/wp\/v2\/users\/1"}],"replies":[{"embeddable":true,"href":"https:\/\/egegen.com\/blog\/wp-json\/wp\/v2\/comments?post=1929"}],"version-history":[{"count":0,"href":"https:\/\/egegen.com\/blog\/wp-json\/wp\/v2\/posts\/1929\/revisions"}],"wp:featuredmedia":[{"embeddable":true,"href":"https:\/\/egegen.com\/blog\/wp-json\/wp\/v2\/media\/1931"}],"wp:attachment":[{"href":"https:\/\/egegen.com\/blog\/wp-json\/wp\/v2\/media?parent=1929"}],"wp:term":[{"taxonomy":"category","embeddable":true,"href":"https:\/\/egegen.com\/blog\/wp-json\/wp\/v2\/categories?post=1929"},{"taxonomy":"post_tag","embeddable":true,"href":"https:\/\/egegen.com\/blog\/wp-json\/wp\/v2\/tags?post=1929"}],"curies":[{"name":"wp","href":"https:\/\/api.w.org\/{rel}","templated":true}]}}