{"id":1903,"date":"2017-04-12T16:42:29","date_gmt":"2017-04-12T13:42:29","guid":{"rendered":"https:\/\/egegen.com\/blog\/?p=1903"},"modified":"2022-09-15T17:39:51","modified_gmt":"2022-09-15T14:39:51","slug":"samsung-cift-ekranli-telefonu-test-ediyor","status":"publish","type":"post","link":"https:\/\/egegen.com\/blog\/samsung-cift-ekranli-telefonu-test-ediyor\/","title":{"rendered":"Samsung, \u00c7ift Ekranl\u0131 Telefonu Test Ediyor"},"content":{"rendered":"<p><strong>Samsung<\/strong>, m\u00fckemmel \u00f6zelliklere sahip olan <strong>Galaxy S8<\/strong> amiral gemisinin devam\u0131nda daha da etkileyici bir\u00a0cihaz \u00fcretmeye haz\u0131rlan\u0131yor ve f\u00fct\u00fcristik bir <strong>\u00e7ift ekran<\/strong> tasar\u0131m\u0131yla kar\u015f\u0131m\u0131za geliyor.\u00a0\u015eirketin,\u00a0ortada bir mente\u015feyle birbirine ba\u011fl\u0131,\u00a0\u00e7ift ekrana sahip bir ak\u0131ll\u0131 telefon i\u00e7in prototip geli\u015ftirdi\u011fi\u00a0bildirildi. G\u00fcney Koreli <strong>The Investor<\/strong> raporuna g\u00f6re, \u00e7ift ekranl\u0131 kurulum temel olarak cihaz\u0131n 180 dereceye kadar katlanmas\u0131na izin verecek.<\/p>\n<p><img class=\"alignnone size-full wp-image-1904\" src=\"https:\/\/egegen.com\/blog\/wp-content\/uploads\/2017\/04\/katlanabilir-telefon.png\" alt=\"\" width=\"644\" height=\"318\" \/><\/p>\n<p>Rapora\u00a0g\u00f6re, <strong>Samsung<\/strong> zaten par\u00e7alar\u0131 sipari\u015f etti ve y\u0131l\u0131n ilk yar\u0131s\u0131nda 2.000 ve 3.000 prototip \u00fcretmeyi planl\u0131yor. The Investor&#8217;a gelen bir bilgiye g\u00f6re Samsung; katlanabilen telefonla ilgili fikirleri toplamak i\u00e7in, \u00e7ift ekranl\u0131 cihazlar\u0131 test ediyor.\u00a0Ayr\u0131ca, Samsung&#8217;un ekran birimi, bu y\u0131l\u0131n ikinci yar\u0131s\u0131nda katlanabilir cihazlar\u0131n s\u0131n\u0131rl\u0131 bir k\u0131sm\u0131n\u0131 sunmay\u0131 planlayan ekran teknolojisi ara\u015ft\u0131rma \u00e7al\u0131\u015fmalar\u0131n\u0131 kademeli olarak h\u0131zland\u0131rd\u0131.<\/p>\n<p><strong>LG<\/strong>, katlanabilir ekran teknolojisinden bahsederek esnek panellerin d\u00f6nemi d\u00fc\u015f\u00fcnd\u00fc\u011f\u00fcm\u00fczden yak\u0131n a\u00e7\u0131klamas\u0131nda bulunmu\u015ftu. Bu y\u00fczden ak\u0131llara LG mi Samsung mu daha \u00e7abuk davranacak sorusu geldi.<\/p>\n","protected":false},"excerpt":{"rendered":"<p>Samsung, m\u00fckemmel \u00f6zelliklere sahip olan Galaxy S8 amiral gemisinin devam\u0131nda daha da etkileyici bir\u00a0cihaz \u00fcretmeye haz\u0131rlan\u0131yor ve f\u00fct\u00fcristik bir \u00e7ift ekran tasar\u0131m\u0131yla kar\u015f\u0131m\u0131za geliyor.\u00a0\u015eirketin,\u00a0ortada bir mente\u015feyle birbirine ba\u011fl\u0131,\u00a0\u00e7ift ekrana sahip bir ak\u0131ll\u0131 telefon i\u00e7in prototip geli\u015ftirdi\u011fi\u00a0bildirildi. G\u00fcney Koreli The Investor raporuna g\u00f6re, \u00e7ift ekranl\u0131 kurulum temel olarak cihaz\u0131n 180 dereceye kadar katlanmas\u0131na izin verecek. Rapora\u00a0g\u00f6re, &hellip;<\/p>\n","protected":false},"author":1,"featured_media":1905,"comment_status":"open","ping_status":"open","sticky":false,"template":"","format":"standard","meta":[],"categories":[184],"tags":[],"_links":{"self":[{"href":"https:\/\/egegen.com\/blog\/wp-json\/wp\/v2\/posts\/1903"}],"collection":[{"href":"https:\/\/egegen.com\/blog\/wp-json\/wp\/v2\/posts"}],"about":[{"href":"https:\/\/egegen.com\/blog\/wp-json\/wp\/v2\/types\/post"}],"author":[{"embeddable":true,"href":"https:\/\/egegen.com\/blog\/wp-json\/wp\/v2\/users\/1"}],"replies":[{"embeddable":true,"href":"https:\/\/egegen.com\/blog\/wp-json\/wp\/v2\/comments?post=1903"}],"version-history":[{"count":0,"href":"https:\/\/egegen.com\/blog\/wp-json\/wp\/v2\/posts\/1903\/revisions"}],"wp:featuredmedia":[{"embeddable":true,"href":"https:\/\/egegen.com\/blog\/wp-json\/wp\/v2\/media\/1905"}],"wp:attachment":[{"href":"https:\/\/egegen.com\/blog\/wp-json\/wp\/v2\/media?parent=1903"}],"wp:term":[{"taxonomy":"category","embeddable":true,"href":"https:\/\/egegen.com\/blog\/wp-json\/wp\/v2\/categories?post=1903"},{"taxonomy":"post_tag","embeddable":true,"href":"https:\/\/egegen.com\/blog\/wp-json\/wp\/v2\/tags?post=1903"}],"curies":[{"name":"wp","href":"https:\/\/api.w.org\/{rel}","templated":true}]}}