{"id":186,"date":"2015-07-31T14:51:02","date_gmt":"2015-07-31T11:51:02","guid":{"rendered":"https:\/\/egegen.com\/blog\/?p=186"},"modified":"2020-11-16T03:02:52","modified_gmt":"2020-11-16T00:02:52","slug":"pazarlama-planlariniza-sosyal-medyayi-nasil-entegre-edebilirsiniz","status":"publish","type":"post","link":"https:\/\/egegen.com\/blog\/pazarlama-planlariniza-sosyal-medyayi-nasil-entegre-edebilirsiniz\/","title":{"rendered":"Pazarlama Planlar\u0131n\u0131za Sosyal Medyay\u0131 Nas\u0131l Entegre Edebilirsiniz?"},"content":{"rendered":"<p>Markalar reklam, ileti\u015fim, t\u00fcketici ile diyalog vs gibi etkinliklere ba\u015flamadan \u00f6nce, \u015firketin kendisi, \u00fcr\u00fcnleri ve hizmetleri hakk\u0131nda nas\u0131l konu\u015faca\u011f\u0131 \u00fczerine bir plan yaparlar. Buna b\u00fct\u00fcnle\u015fik pazarlama ileti\u015fimi (BP\u0130) plan\u0131 denir. Bu plan, markan\u0131n hem i\u00e7 hem d\u0131\u015f hedef kitlesine seslenme bi\u00e7imi hakk\u0131nda bir yok haritas\u0131 \u00e7izer.<!--more--> Tabii ki ileti\u015fim kanallar\u0131 evrildik\u00e7e BP\u0130 plan\u0131 da s\u00fcrekli g\u00fcncellenmelidir. BP\u0130 plan\u0131n\u0131n uygulanaca\u011f\u0131 kanallar, reklam, halkla ili\u015fkiler, i\u00e7erik pazarlamas\u0131 ve sosyal medyad\u0131r. Sosyal medya kanallar\u0131, kullan\u0131m\u0131n\u0131n yayg\u0131nla\u015fmas\u0131yla, bu kanallar aras\u0131nda \u00f6ne \u00e7\u0131kmaktad\u0131r.<\/p>\n<p><a href=\"https:\/\/egegen.com\/blog\/wp-content\/uploads\/2015\/07\/ThinkstockPhotos-488758071-2.jpg\"><img class=\"aligncenter size-full wp-image-187\" src=\"https:\/\/egegen.com\/blog\/wp-content\/uploads\/2015\/07\/ThinkstockPhotos-488758071-2.jpg\" alt=\"ThinkstockPhotos-488758071-2\" width=\"1000\" height=\"622\" \/><\/a><\/p>\n<p>\u015eimdi gelelim sosyal medya kanallar\u0131n\u0131 b\u00fct\u00fcnle\u015fik pazarlama ileti\u015fimi planlar\u0131n\u0131za nas\u0131l entegre edece\u011finize.<\/p>\n<p><b>1- Sosyal Medyay\u0131 Pazar Ara\u015ft\u0131rmas\u0131 \u0130\u00e7in Kullan\u0131n<\/b><\/p>\n<p>Pazar ara\u015ft\u0131rmalar\u0131, bir markan\u0131n hedef kitlesinin davran\u0131\u015flar\u0131, zevkleri, tercihleri vs gibi konularda bilgi verir. BP\u0130 de bu ara\u015ft\u0131rmalardan elde edilen veriler \u00fczerine kurulur. \u00d6nceleri sa\u011flam sonu\u00e7lar verecek ger\u00e7ek\u00e7i bir pazar ara\u015ft\u0131rmas\u0131 i\u00e7in de b\u00fcy\u00fck b\u00fct\u00e7eler ka\u00e7\u0131n\u0131lmazd\u0131. \u015eimdi ise sosyal medya kanallar\u0131n\u0131 ba\u015far\u0131l\u0131 bir \u015fekilde kullanan markalar \u00e7ok k\u00fc\u00e7\u00fck maliyetlerle pazar ara\u015ft\u0131rmalar\u0131n\u0131 y\u00fcr\u00fctebilmektedirler. Markan\u0131n hedef kitlesi sosyal medya \u00fczerinde takip edilerek ve hatta etkile\u015fime ge\u00e7ilerek hakk\u0131nda \u00e7ok fazla bilgiye eri\u015filebilir.<\/p>\n<p><strong><strong><a href=\"https:\/\/egegen.com\/blog\/wp-content\/uploads\/2015\/07\/ThinkstockPhotos-455672235-feedback.jpg\"><img class=\"aligncenter size-full wp-image-188\" src=\"https:\/\/egegen.com\/blog\/wp-content\/uploads\/2015\/07\/ThinkstockPhotos-455672235-feedback.jpg\" alt=\"ThinkstockPhotos-455672235-feedback\" width=\"1000\" height=\"667\" \/><\/a><\/strong><\/strong><\/p>\n<p><b>2- Halkla \u0130li\u015fkiler Kanal\u0131 Olarak Kullan\u0131n<\/b><\/p>\n<p>Eskiden \u015firketle ilgili bir haber payla\u015f\u0131laca\u011f\u0131 zaman halkla ili\u015fkiler departman\u0131ndan bas\u0131n kurulu\u015flar\u0131na faks veya e-mail g\u00f6nderilir daha sonra da telefonla bildirimde bulunulurdu. Sosyal medya sayesinde art\u0131k \u015firketler t\u00fcm haberlerini kendi hesaplar\u0131nda payla\u015fmaktad\u0131r ve \u00e7o\u011funlukla medya kurulu\u015flar\u0131na gerek kalmadan \u015firketin hedef kitlesi ile ileti\u015fim kurulabilmektedir.<\/p>\n<p><a href=\"https:\/\/egegen.com\/blog\/wp-content\/uploads\/2015\/07\/ThinkstockPhotos-465240319-PR.jpg\"><img class=\"aligncenter size-full wp-image-189\" src=\"https:\/\/egegen.com\/blog\/wp-content\/uploads\/2015\/07\/ThinkstockPhotos-465240319-PR.jpg\" alt=\"ThinkstockPhotos-465240319-PR\" width=\"1000\" height=\"491\" \/><\/a><\/p>\n<p><b>3- Sosyal Medyay\u0131 Reklamlar\u0131n\u0131z \u0130\u00e7in Kullan\u0131n<\/b><\/p>\n<p>Reklamc\u0131l\u0131k \u00f6zellikle ge\u00e7ti\u011fimiz 5 y\u0131lda \u00e7ok b\u00fcy\u00fck de\u011fi\u015fim ya\u015fad\u0131. E\u011fer siz hala reklam stratejilerinizde ve reklam b\u00fct\u00e7enizde sosyal medyaya yer ay\u0131rmad\u0131ysan\u0131z de\u011fi\u015fiklik yapman\u0131n tam zaman\u0131. Sosyal medya, hen\u00fcz k\u0131sa bir s\u00fcredir hayat\u0131m\u0131zda olmas\u0131na ra\u011fmen, ses getiren reklam kampanyalar\u0131n\u0131n yay\u0131lmas\u0131nda ne kadar \u00f6nemli oldu\u011funu kan\u0131tlam\u0131\u015ft\u0131r. Reklamlarda hedef kitle se\u00e7ilebilmesi, reklama yap\u0131lan harcamalar\u0131n geri d\u00f6n\u00fc\u015f\u00fcm\u00fcn\u00fcn \u00f6l\u00e7\u00fcmlenmesi, raporlar do\u011frultusunda reklamlarda anl\u0131k olarak d\u00fczenlemeler yap\u0131labilmesi, Reklam b\u00fct\u00e7elerinden sosyal medyaya daha fazla pay ayr\u0131lmas\u0131n\u0131 sa\u011flam\u0131\u015ft\u0131r.<\/p>\n<p><b>4- Sosyal Medya Analizlerini BP\u0130 Raporlamas\u0131nda Kullan\u0131n<\/b><\/p>\n<p>B\u00fct\u00fcnle\u015fik Pazarlama \u0130leti\u015fimi planlamas\u0131nda pek \u00e7ok raporlama y\u00f6ntemi bulunur. Ancak \u00a0sosyal medya kanallar\u0131n\u0131n hemen her birinin kendine ait detayl\u0131 analizler sunmas\u0131yla, art\u0131k bu analizlerin de BP\u0130 raporlar\u0131nda yer almas\u0131 zorunluluk haline gelmi\u015ftir.<\/p>\n<p><a href=\"https:\/\/egegen.com\/blog\/wp-content\/uploads\/2015\/07\/ThinkstockPhotos-472035160-analiz.jpg\"><img class=\"aligncenter size-full wp-image-190\" src=\"https:\/\/egegen.com\/blog\/wp-content\/uploads\/2015\/07\/ThinkstockPhotos-472035160-analiz.jpg\" alt=\"ThinkstockPhotos-472035160-analiz\" width=\"1000\" height=\"732\" \/><\/a><\/p>\n<p>Sosyal medya kanallar\u0131ndan ka\u00e7 ki\u015fiye ula\u015ft\u0131\u011f\u0131n\u0131z\u0131, ka\u00e7 ki\u015finin bu kanallardan web sitenize gitti\u011fini ve ne tarz ileti\u015fim kurdu\u011funuzda hedef kitlenizle etkile\u015fim yakalayabildi\u011finizi bu raporlardan g\u00f6rebilmektesiniz.<\/p>\n<p>E\u011fer hala yapmad\u0131ysan\u0131z, BP\u0130 plan\u0131n\u0131za sosyal medyay\u0131 entegre etmek i\u00e7in daha fazla ge\u00e7 kalmay\u0131n. Sosyal medya y\u00f6netimi konusunda yard\u0131ma ihtiyac\u0131n\u0131 varsa, bizimle ileti\u015fime ge\u00e7in.<\/p>\n","protected":false},"excerpt":{"rendered":"<p>Markalar reklam, ileti\u015fim, t\u00fcketici ile diyalog vs gibi etkinliklere ba\u015flamadan \u00f6nce, \u015firketin kendisi, \u00fcr\u00fcnleri ve hizmetleri hakk\u0131nda nas\u0131l konu\u015faca\u011f\u0131 \u00fczerine bir plan yaparlar. Buna b\u00fct\u00fcnle\u015fik pazarlama ileti\u015fimi (BP\u0130) plan\u0131 denir. Bu plan, markan\u0131n hem i\u00e7 hem d\u0131\u015f hedef kitlesine seslenme bi\u00e7imi hakk\u0131nda bir yok haritas\u0131 \u00e7izer. Tabii ki ileti\u015fim kanallar\u0131 evrildik\u00e7e BP\u0130 plan\u0131 da s\u00fcrekli &hellip;<\/p>\n","protected":false},"author":1,"featured_media":187,"comment_status":"open","ping_status":"open","sticky":false,"template":"","format":"standard","meta":[],"categories":[177,176],"tags":[],"_links":{"self":[{"href":"https:\/\/egegen.com\/blog\/wp-json\/wp\/v2\/posts\/186"}],"collection":[{"href":"https:\/\/egegen.com\/blog\/wp-json\/wp\/v2\/posts"}],"about":[{"href":"https:\/\/egegen.com\/blog\/wp-json\/wp\/v2\/types\/post"}],"author":[{"embeddable":true,"href":"https:\/\/egegen.com\/blog\/wp-json\/wp\/v2\/users\/1"}],"replies":[{"embeddable":true,"href":"https:\/\/egegen.com\/blog\/wp-json\/wp\/v2\/comments?post=186"}],"version-history":[{"count":0,"href":"https:\/\/egegen.com\/blog\/wp-json\/wp\/v2\/posts\/186\/revisions"}],"wp:featuredmedia":[{"embeddable":true,"href":"https:\/\/egegen.com\/blog\/wp-json\/wp\/v2\/media\/187"}],"wp:attachment":[{"href":"https:\/\/egegen.com\/blog\/wp-json\/wp\/v2\/media?parent=186"}],"wp:term":[{"taxonomy":"category","embeddable":true,"href":"https:\/\/egegen.com\/blog\/wp-json\/wp\/v2\/categories?post=186"},{"taxonomy":"post_tag","embeddable":true,"href":"https:\/\/egegen.com\/blog\/wp-json\/wp\/v2\/tags?post=186"}],"curies":[{"name":"wp","href":"https:\/\/api.w.org\/{rel}","templated":true}]}}