{"id":1735,"date":"2017-04-05T17:05:46","date_gmt":"2017-04-05T14:05:46","guid":{"rendered":"https:\/\/egegen.com\/blog\/?p=1735"},"modified":"2022-08-24T18:21:00","modified_gmt":"2022-08-24T15:21:00","slug":"facebook-hikayeler-ozelligini-tesvik-etmeye-calisiyor","status":"publish","type":"post","link":"https:\/\/egegen.com\/blog\/facebook-hikayeler-ozelligini-tesvik-etmeye-calisiyor\/","title":{"rendered":"Facebook, Hikayeler \u00d6zelli\u011fini Te\u015fvik Etmeye \u00c7al\u0131\u015f\u0131yor!"},"content":{"rendered":"<p>Ge\u00e7ti\u011fimiz hafta kullan\u0131ma a\u00e7\u0131lan <strong>Facebook Hikayeler<\/strong>, haber kayna\u011f\u0131n\u0131n \u00fcst k\u0131sm\u0131nda bulunan, 24 saatlik resim ve videolardan olu\u015fuyor. Fakat g\u00f6r\u00fcn\u00fc\u015fe g\u00f6re insanlar Facebook Hikayeler \u00f6zelli\u011fini kullanmak i\u00e7in pek hevesli de\u011filler. Bu y\u00fczden Facebook, bu yeni \u00f6zelli\u011fi te\u015fvik edecek birka\u00e7 yeni \u00f6zellik ekledi.<\/p>\n<p>E\u011fer hi\u00e7bir arkada\u015f\u0131n\u0131z hikaye eklemiyorsa haber kayna\u011f\u0131n\u0131n \u00fcst\u00fc bombo\u015f g\u00f6z\u00fck\u00fcyordu. Gelen yeni \u00f6zellik ile oradaki bo\u015f alan kald\u0131r\u0131lm\u0131\u015f oldu. Bu \u00f6zellikte <strong>Facebook<\/strong>, arkada\u015flar\u0131n\u0131z\u0131n daha \u00f6nce hikaye eklemi\u015f olup olmad\u0131\u011f\u0131na bakm\u0131yor ve Facebook&#8217;ta s\u0131k ba\u011flant\u0131 kurdu\u011funuz arkada\u015flar\u0131n\u0131z\u0131n profil resimlerinin soluk bir halde g\u00f6r\u00fcnmesini sa\u011fl\u0131yor.<\/p>\n<p><img class=\"alignnone size-full wp-image-1736\" src=\"https:\/\/egegen.com\/blog\/wp-content\/uploads\/2017\/04\/hikayeler.jpg\" alt=\"facebook\" width=\"742\" height=\"393\" \/><\/p>\n<p>&nbsp;<\/p>\n<p>Gri renkli portrelere t\u0131kland\u0131\u011f\u0131nda &#8220;Yak\u0131nlarda Hikayesine Hi\u00e7 Ekleme Yapmad\u0131&#8221; uyar\u0131s\u0131 kar\u015f\u0131m\u0131za geliyor. Zaten pek \u00e7ok <strong>Facebook<\/strong> kullan\u0131c\u0131s\u0131 b\u00f6yle bir \u00f6zelli\u011fin oldu\u011fundan dahi haberdar olmayabilir. Bu y\u00fczden hem farkedilmesi hem de hikaye eklemenin te\u015fvik edilmesi i\u00e7in Facebook b\u00f6yle bir yola ba\u015fvurdu. Hen\u00fcz test a\u015famas\u0131ndaki kullan\u0131c\u0131lar\u0131n g\u00f6rebildi\u011fi &#8220;Hayalet&#8221; portrelerin, herkes taraf\u0131ndan ne zaman g\u00f6r\u00fclece\u011fi ise belirsiz.<\/p>\n","protected":false},"excerpt":{"rendered":"<p>Ge\u00e7ti\u011fimiz hafta kullan\u0131ma a\u00e7\u0131lan Facebook Hikayeler, haber kayna\u011f\u0131n\u0131n \u00fcst k\u0131sm\u0131nda bulunan, 24 saatlik resim ve videolardan olu\u015fuyor. Fakat g\u00f6r\u00fcn\u00fc\u015fe g\u00f6re insanlar Facebook Hikayeler \u00f6zelli\u011fini kullanmak i\u00e7in pek hevesli de\u011filler. Bu y\u00fczden Facebook, bu yeni \u00f6zelli\u011fi te\u015fvik edecek birka\u00e7 yeni \u00f6zellik ekledi. E\u011fer hi\u00e7bir arkada\u015f\u0131n\u0131z hikaye eklemiyorsa haber kayna\u011f\u0131n\u0131n \u00fcst\u00fc bombo\u015f g\u00f6z\u00fck\u00fcyordu. Gelen yeni \u00f6zellik ile &hellip;<\/p>\n","protected":false},"author":1,"featured_media":1556,"comment_status":"open","ping_status":"open","sticky":false,"template":"","format":"standard","meta":[],"categories":[176],"tags":[],"_links":{"self":[{"href":"https:\/\/egegen.com\/blog\/wp-json\/wp\/v2\/posts\/1735"}],"collection":[{"href":"https:\/\/egegen.com\/blog\/wp-json\/wp\/v2\/posts"}],"about":[{"href":"https:\/\/egegen.com\/blog\/wp-json\/wp\/v2\/types\/post"}],"author":[{"embeddable":true,"href":"https:\/\/egegen.com\/blog\/wp-json\/wp\/v2\/users\/1"}],"replies":[{"embeddable":true,"href":"https:\/\/egegen.com\/blog\/wp-json\/wp\/v2\/comments?post=1735"}],"version-history":[{"count":0,"href":"https:\/\/egegen.com\/blog\/wp-json\/wp\/v2\/posts\/1735\/revisions"}],"wp:featuredmedia":[{"embeddable":true,"href":"https:\/\/egegen.com\/blog\/wp-json\/wp\/v2\/media\/1556"}],"wp:attachment":[{"href":"https:\/\/egegen.com\/blog\/wp-json\/wp\/v2\/media?parent=1735"}],"wp:term":[{"taxonomy":"category","embeddable":true,"href":"https:\/\/egegen.com\/blog\/wp-json\/wp\/v2\/categories?post=1735"},{"taxonomy":"post_tag","embeddable":true,"href":"https:\/\/egegen.com\/blog\/wp-json\/wp\/v2\/tags?post=1735"}],"curies":[{"name":"wp","href":"https:\/\/api.w.org\/{rel}","templated":true}]}}