{"id":1731,"date":"2017-04-05T15:03:59","date_gmt":"2017-04-05T12:03:59","guid":{"rendered":"https:\/\/egegen.com\/blog\/?p=1731"},"modified":"2022-08-24T18:21:01","modified_gmt":"2022-08-24T15:21:01","slug":"honor-8-pro-resmi-olarak-duyuruldu","status":"publish","type":"post","link":"https:\/\/egegen.com\/blog\/honor-8-pro-resmi-olarak-duyuruldu\/","title":{"rendered":"Honor 8 Pro Resmi Olarak Duyuruldu!"},"content":{"rendered":"<p><strong>Huawei<\/strong>&#8216;n yan kurulu\u015fu olan <strong>Honor<\/strong>, ge\u00e7en y\u0131l Honor 8&#8217;in sat\u0131\u015f\u0131n\u0131 ABD&#8217;de ba\u015flatm\u0131\u015ft\u0131. \u00c7in&#8217;de V9 olarak bilinen <strong>Honor 8<\/strong>, Pro se\u00e7ene\u011fiyle Avrupa&#8217;ya da gelmeye haz\u0131rlan\u0131yor.\u00a0Honor; Honor 8 Pro&#8217;ya, Huawei&#8217;nin g\u00fcncellenmi\u015f Kirin 960 octa \u00e7ekirdekli i\u015flemcisinin, 6 GB RAM&#8217;\u0131n ve b\u00fcy\u00fck bir 4.000 mAh pilin yan\u0131 s\u0131ra 5.7 in\u00e7 Quad HD ekran da ekledi.<\/p>\n<p>Honor 8 modeliyle ayn\u0131 olan tek \u00f6zelli\u011fi; 12 megapiksellik \u00e7ift kamera sistemi.\u00a0Di\u011fer \u00f6zellikler aras\u0131nda; bir microSD yuvas\u0131, \u00e7ift SIM deste\u011fi, arkada bir parmak izi sens\u00f6r\u00fc, NFC ve USB-C \u015farj\u0131 bulunuyor. Ayr\u0131ca <strong>Honor 8 Pro<\/strong>, Huawei&#8217;in yeni piyasaya s\u00fcrd\u00fc\u011f\u00fc <strong>P10<\/strong>&#8216;dan \u00e7ok daha d\u00fc\u015f\u00fck maliyetle gelecek.<\/p>\n<p><img class=\"alignnone size-full wp-image-1732\" src=\"https:\/\/egegen.com\/blog\/wp-content\/uploads\/2017\/04\/honor-8-pro.jpg\" alt=\"honor 8 pro\" width=\"800\" height=\"530\" \/><\/p>\n<p>Honor;\u00a0yuvarlat\u0131lm\u0131\u015f k\u00f6\u015feleri ve bir cam s\u0131rt yerine 8 Pro&#8217;da mat bir al\u00fcminyum kaplama tercih etti. Ancak bu \u00f6zellik iPhone 7 Plus&#8217;a olduk\u00e7a benziyor.\u00a0Honor, ayr\u0131ca 8 Pro&#8217;yu <strong>Google<\/strong>&#8216;\u0131n en yeni Android Nougat s\u00fcr\u00fcm\u00fcyle birlikte g\u00f6nderiyor ve uygulamalar\u0131n\u0131 daha h\u0131zl\u0131 a\u00e7mak i\u00e7in <strong>Android<\/strong> \u00e7ekirde\u011fini EMUI 5.1 sistemi ile optimize ediyor.<\/p>\n<p>Honor 8&#8217;in aksine Pro modeli ABD&#8217;de piyasaya sunulmayacak. Honor, \u015fu anda Avrupa&#8217;da 8 Pro&#8217;yu satmay\u0131 planl\u0131yor; \u00f6n sipari\u015fler <strong>474.99 \u00a3 (549 euro)<\/strong> ile ba\u015fl\u0131yor. <strong>Amazon<\/strong>, Honor 8 Pro \u00fcr\u00fcn\u00fcn\u00fc <strong>20 Nisan<\/strong>&#8216;da piyasaya s\u00fcrmeye ba\u015flayacak ve platin alt\u0131n, gece yar\u0131s\u0131 siyah\u0131 ve lacivert renkte sat\u0131\u015fa sunulacak.<\/p>\n","protected":false},"excerpt":{"rendered":"<p>Huawei&#8216;n yan kurulu\u015fu olan Honor, ge\u00e7en y\u0131l Honor 8&#8217;in sat\u0131\u015f\u0131n\u0131 ABD&#8217;de ba\u015flatm\u0131\u015ft\u0131. \u00c7in&#8217;de V9 olarak bilinen Honor 8, Pro se\u00e7ene\u011fiyle Avrupa&#8217;ya da gelmeye haz\u0131rlan\u0131yor.\u00a0Honor; Honor 8 Pro&#8217;ya, Huawei&#8217;nin g\u00fcncellenmi\u015f Kirin 960 octa \u00e7ekirdekli i\u015flemcisinin, 6 GB RAM&#8217;\u0131n ve b\u00fcy\u00fck bir 4.000 mAh pilin yan\u0131 s\u0131ra 5.7 in\u00e7 Quad HD ekran da ekledi. Honor 8 modeliyle &hellip;<\/p>\n","protected":false},"author":1,"featured_media":1827,"comment_status":"open","ping_status":"open","sticky":false,"template":"","format":"standard","meta":[],"categories":[184],"tags":[],"_links":{"self":[{"href":"https:\/\/egegen.com\/blog\/wp-json\/wp\/v2\/posts\/1731"}],"collection":[{"href":"https:\/\/egegen.com\/blog\/wp-json\/wp\/v2\/posts"}],"about":[{"href":"https:\/\/egegen.com\/blog\/wp-json\/wp\/v2\/types\/post"}],"author":[{"embeddable":true,"href":"https:\/\/egegen.com\/blog\/wp-json\/wp\/v2\/users\/1"}],"replies":[{"embeddable":true,"href":"https:\/\/egegen.com\/blog\/wp-json\/wp\/v2\/comments?post=1731"}],"version-history":[{"count":0,"href":"https:\/\/egegen.com\/blog\/wp-json\/wp\/v2\/posts\/1731\/revisions"}],"wp:featuredmedia":[{"embeddable":true,"href":"https:\/\/egegen.com\/blog\/wp-json\/wp\/v2\/media\/1827"}],"wp:attachment":[{"href":"https:\/\/egegen.com\/blog\/wp-json\/wp\/v2\/media?parent=1731"}],"wp:term":[{"taxonomy":"category","embeddable":true,"href":"https:\/\/egegen.com\/blog\/wp-json\/wp\/v2\/categories?post=1731"},{"taxonomy":"post_tag","embeddable":true,"href":"https:\/\/egegen.com\/blog\/wp-json\/wp\/v2\/tags?post=1731"}],"curies":[{"name":"wp","href":"https:\/\/api.w.org\/{rel}","templated":true}]}}