{"id":1637,"date":"2017-04-03T09:40:05","date_gmt":"2017-04-03T06:40:05","guid":{"rendered":"https:\/\/egegen.com\/blog\/?p=1637"},"modified":"2022-08-24T18:21:10","modified_gmt":"2022-08-24T15:21:10","slug":"apple-paket-tv-sovlari-satmaya-hazirlaniyor","status":"publish","type":"post","link":"https:\/\/egegen.com\/blog\/apple-paket-tv-sovlari-satmaya-hazirlaniyor\/","title":{"rendered":"Apple, Paket TV \u015eovlar\u0131 Satmaya Haz\u0131rlan\u0131yor"},"content":{"rendered":"<p><strong>Apple<\/strong>, TV konusunda istedi\u011fi ba\u015far\u0131y\u0131 yakalayamad\u0131. Bu y\u00fczden yeni stratejilerle kullan\u0131c\u0131lar\u0131n ilgisini \u00e7ekmek istiyor. Apple; HBO, Showtime ve Starz&#8217;\u0131 bir araya getiren birinci s\u0131n\u0131f bir televizyon paketi satmak istiyor.<\/p>\n<p>Bu kanallar\u0131n her birini ayr\u0131 ayr\u0131 satan \u015firket, konvansiyonel \u00fccretli TV operat\u00f6rlerinin de yapt\u0131\u011f\u0131 gibi tek bir pakete d\u00f6n\u00fc\u015ft\u00fcrerek daha kolay sat\u0131\u015f sa\u011flamak istiyor. Di\u011fer TV operat\u00f6rleriyle tek fark; \u00fccretli TV operat\u00f6rleri, t\u00fcketicilerin birincil paketi satmadan \u00f6nce temel bir TV kanal\u0131na abone olmalar\u0131n\u0131 istiyor. Ancak Apple sunaca\u011f\u0131 bu paketin kendi <strong>iOS<\/strong> ve <strong>Apple TV<\/strong> set \u00fcst\u00fc kutusu arac\u0131l\u0131\u011f\u0131yla kullan\u0131lmas\u0131n\u0131 sa\u011flayacak.<\/p>\n<p><img class=\"alignnone size-full wp-image-1638\" src=\"https:\/\/egegen.com\/blog\/wp-content\/uploads\/2017\/04\/apple-tv1.jpg\" alt=\"apple tv\" width=\"536\" height=\"427\" \/><\/p>\n<p>Apple bu a\u011flardan herhangi biriyle bir anla\u015fma sa\u011flam\u0131\u015f de\u011fil. HBO, Showtime ve Starz&#8217;\u0131n temsilcileri de bu konu hakk\u0131nda yorum yapmak istemedi.\u00a0Apple \u015fu anda <strong>HBO<\/strong>&#8216;yu ayda 15 Dolar, <strong>Showtime<\/strong>&#8216;\u0131 ayda 11 Dolar, <strong>Starz<\/strong>&#8216;\u0131 ayda 9 Dolar kar\u015f\u0131l\u0131\u011f\u0131nda sat\u0131yor. Apple&#8217;\u0131n \u00f6nerilen paket i\u00e7in arad\u0131\u011f\u0131 fiyat hen\u00fcz bilinmiyor.\u00a0<strong>Sony<\/strong>, <strong>AT&amp;T<\/strong> ve <strong>Dish<\/strong> t\u00fcm\u00fc Web TV paketleri sat\u0131yorken\u00a0ve\u00a0<strong>Google<\/strong> ve <strong>Hulu<\/strong> kendi sat\u0131\u015f planlar\u0131n\u0131 a\u00e7\u0131klam\u0131\u015fken, Apple&#8217;dan net bir a\u00e7\u0131klama hen\u00fcz gelmedi.<\/p>\n<p>&nbsp;<\/p>\n<p>Kaynak: Recode<\/p>\n","protected":false},"excerpt":{"rendered":"<p>Apple, TV konusunda istedi\u011fi ba\u015far\u0131y\u0131 yakalayamad\u0131. Bu y\u00fczden yeni stratejilerle kullan\u0131c\u0131lar\u0131n ilgisini \u00e7ekmek istiyor. Apple; HBO, Showtime ve Starz&#8217;\u0131 bir araya getiren birinci s\u0131n\u0131f bir televizyon paketi satmak istiyor. Bu kanallar\u0131n her birini ayr\u0131 ayr\u0131 satan \u015firket, konvansiyonel \u00fccretli TV operat\u00f6rlerinin de yapt\u0131\u011f\u0131 gibi tek bir pakete d\u00f6n\u00fc\u015ft\u00fcrerek daha kolay sat\u0131\u015f sa\u011flamak istiyor. Di\u011fer TV &hellip;<\/p>\n","protected":false},"author":1,"featured_media":1639,"comment_status":"open","ping_status":"open","sticky":false,"template":"","format":"standard","meta":[],"categories":[184],"tags":[],"_links":{"self":[{"href":"https:\/\/egegen.com\/blog\/wp-json\/wp\/v2\/posts\/1637"}],"collection":[{"href":"https:\/\/egegen.com\/blog\/wp-json\/wp\/v2\/posts"}],"about":[{"href":"https:\/\/egegen.com\/blog\/wp-json\/wp\/v2\/types\/post"}],"author":[{"embeddable":true,"href":"https:\/\/egegen.com\/blog\/wp-json\/wp\/v2\/users\/1"}],"replies":[{"embeddable":true,"href":"https:\/\/egegen.com\/blog\/wp-json\/wp\/v2\/comments?post=1637"}],"version-history":[{"count":0,"href":"https:\/\/egegen.com\/blog\/wp-json\/wp\/v2\/posts\/1637\/revisions"}],"wp:featuredmedia":[{"embeddable":true,"href":"https:\/\/egegen.com\/blog\/wp-json\/wp\/v2\/media\/1639"}],"wp:attachment":[{"href":"https:\/\/egegen.com\/blog\/wp-json\/wp\/v2\/media?parent=1637"}],"wp:term":[{"taxonomy":"category","embeddable":true,"href":"https:\/\/egegen.com\/blog\/wp-json\/wp\/v2\/categories?post=1637"},{"taxonomy":"post_tag","embeddable":true,"href":"https:\/\/egegen.com\/blog\/wp-json\/wp\/v2\/tags?post=1637"}],"curies":[{"name":"wp","href":"https:\/\/api.w.org\/{rel}","templated":true}]}}