{"id":1606,"date":"2017-03-31T15:16:10","date_gmt":"2017-03-31T12:16:10","guid":{"rendered":"https:\/\/egegen.com\/blog\/?p=1606"},"modified":"2024-11-08T13:04:31","modified_gmt":"2024-11-08T10:04:31","slug":"serdar-ceylandan-b2b-pazarlama-basarisi-icin-ipuclari","status":"publish","type":"post","link":"https:\/\/egegen.com\/blog\/serdar-ceylandan-b2b-pazarlama-basarisi-icin-ipuclari\/","title":{"rendered":"Serdar Ceylan&#8217;dan B2B Pazarlama Ba\u015far\u0131s\u0131 \u0130\u00e7in \u0130pu\u00e7lar\u0131"},"content":{"rendered":"<p>Sosyal medya y\u00f6netimi, internet reklamlar\u0131, arama motoru optimizasyonu, sunucu hizmeti verdi\u011fimiz <strong>Volkan \u0130tfaiye<\/strong>&#8216;nin her ay \u00e7\u0131kan <strong>Vol<\/strong> dergisinin, bu ayki konuk yazar\u0131; kurucumuz <strong>Serdar Ceylan<\/strong>.<\/p>\n<p>Dijital d\u00fcnyada devle\u015fen <strong>B2B pazarlama<\/strong> alan\u0131nda ba\u015far\u0131ya ula\u015fabilmek ad\u0131na\u00a0neler yap\u0131lmas\u0131 gerekti\u011fini anlatan Ceylan, B2B odakl\u0131 firmalar\u00a0i\u00e7in ipu\u00e7lar\u0131 vermekten de ka\u00e7\u0131nmad\u0131. Firmadan firmaya (B2B) pazarlama odakl\u0131 \u00e7al\u0131\u015fan firmalar i\u00e7in verdi\u011fi \u00f6nerilerin ba\u015fl\u0131klar\u0131n\u0131\u00a0\u015f\u00f6yle s\u0131ralayabiliriz;<\/p>\n<ol>\n<li>Kurumsal Bir Web Siteniz Olsun<\/li>\n<li>\u0130\u00e7erik: Hikayeniz Ne?<\/li>\n<li>Dijitalde Bulunabilmek \u015eart<\/li>\n<li>Sosyal Analiz: Online Kitlenizi Bulun veya \u00dcretin<\/li>\n<li>Sosyal Medya: \u0130\u00e7erik Optimizasyonu<\/li>\n<li>\u0130\u00e7eri\u011fi Do\u011fru Yerde Payla\u015f\u0131n<\/li>\n<li>Zirveye Do\u011fru: G\u00f6r\u00fcn\u00fcrl\u00fck ve Eri\u015fim<\/li>\n<li>Sat\u0131\u015f Ger\u00e7ekle\u015ftirmek \u0130\u00e7in Sosyal Medya<\/li>\n<li>Anla\u015fmaya Varmak: Takip Bir \u00c7e\u015fit Aboneliktir<\/li>\n<li>Online Kat\u0131l\u0131m: Y\u00fcz Y\u00fcze Pazarlama<\/li>\n<\/ol>\n<p><img class=\"alignnone size-full wp-image-1612\" src=\"https:\/\/egegen.com\/blog\/wp-content\/uploads\/2017\/03\/vol.jpg\" alt=\"volkan itfaiye\" width=\"655\" height=\"702\" \/><\/p>\n<p>&#8220;Dijital d\u00fcnyada bulunman\u0131n yaln\u0131zca dijital ekonomide ba\u015far\u0131 getirmeyece\u011fini, ayn\u0131 zamanda firman\u0131za ko\u015fulsuz bir b\u00fcy\u00fcme ve g\u00f6r\u00fcn\u00fcrl\u00fck kazand\u0131raca\u011f\u0131n\u0131 asla unutmay\u0131n.&#8221; diyerek s\u00f6zlerini tamamlayan Ceylan&#8217;\u0131n \u00f6nerilerinin detaylar\u0131na &#8220;Vol&#8221; dergisinden ula\u015fabilirsiniz.<\/p>\n","protected":false},"excerpt":{"rendered":"<p>Sosyal medya y\u00f6netimi, internet reklamlar\u0131, arama motoru optimizasyonu, sunucu hizmeti verdi\u011fimiz Volkan \u0130tfaiye&#8216;nin her ay \u00e7\u0131kan Vol dergisinin, bu ayki konuk yazar\u0131; kurucumuz Serdar Ceylan. Dijital d\u00fcnyada devle\u015fen B2B pazarlama alan\u0131nda ba\u015far\u0131ya ula\u015fabilmek ad\u0131na\u00a0neler yap\u0131lmas\u0131 gerekti\u011fini anlatan Ceylan, B2B odakl\u0131 firmalar\u00a0i\u00e7in ipu\u00e7lar\u0131 vermekten de ka\u00e7\u0131nmad\u0131. Firmadan firmaya (B2B) pazarlama odakl\u0131 \u00e7al\u0131\u015fan firmalar i\u00e7in verdi\u011fi \u00f6nerilerin &hellip;<\/p>\n","protected":false},"author":1,"featured_media":8997,"comment_status":"open","ping_status":"open","sticky":false,"template":"","format":"standard","meta":[],"categories":[179],"tags":[],"_links":{"self":[{"href":"https:\/\/egegen.com\/blog\/wp-json\/wp\/v2\/posts\/1606"}],"collection":[{"href":"https:\/\/egegen.com\/blog\/wp-json\/wp\/v2\/posts"}],"about":[{"href":"https:\/\/egegen.com\/blog\/wp-json\/wp\/v2\/types\/post"}],"author":[{"embeddable":true,"href":"https:\/\/egegen.com\/blog\/wp-json\/wp\/v2\/users\/1"}],"replies":[{"embeddable":true,"href":"https:\/\/egegen.com\/blog\/wp-json\/wp\/v2\/comments?post=1606"}],"version-history":[{"count":1,"href":"https:\/\/egegen.com\/blog\/wp-json\/wp\/v2\/posts\/1606\/revisions"}],"predecessor-version":[{"id":8998,"href":"https:\/\/egegen.com\/blog\/wp-json\/wp\/v2\/posts\/1606\/revisions\/8998"}],"wp:featuredmedia":[{"embeddable":true,"href":"https:\/\/egegen.com\/blog\/wp-json\/wp\/v2\/media\/8997"}],"wp:attachment":[{"href":"https:\/\/egegen.com\/blog\/wp-json\/wp\/v2\/media?parent=1606"}],"wp:term":[{"taxonomy":"category","embeddable":true,"href":"https:\/\/egegen.com\/blog\/wp-json\/wp\/v2\/categories?post=1606"},{"taxonomy":"post_tag","embeddable":true,"href":"https:\/\/egegen.com\/blog\/wp-json\/wp\/v2\/tags?post=1606"}],"curies":[{"name":"wp","href":"https:\/\/api.w.org\/{rel}","templated":true}]}}