{"id":1186,"date":"2017-03-14T15:02:05","date_gmt":"2017-03-14T12:02:05","guid":{"rendered":"https:\/\/egegen.com\/blog\/?p=1186"},"modified":"2022-08-24T18:14:19","modified_gmt":"2022-08-24T15:14:19","slug":"egegen-ile-daha-cok-basari","status":"publish","type":"post","link":"https:\/\/egegen.com\/blog\/egegen-ile-daha-cok-basari\/","title":{"rendered":"egegen \u0130le Daha \u00c7ok Ba\u015far\u0131"},"content":{"rendered":"<p><strong>Circular Car Hire<\/strong>, ara\u00e7 kiralama konusunda sizlere en iyi deneyimi ya\u015faman\u0131z\u0131 sa\u011flar. T\u00fcrkiye\u2019de, Makedonya\u2019da ve Bulgaristan\u2019da hizmet vermekte olan Circular Car Hire sayesinde, ister ekonomik isterseniz bir \u00fcst kategoride yer alan ara\u00e7lardan diledi\u011finizi se\u00e7erek, e\u015fsiz bir deneyim ya\u015fayabilirsiniz. Bu deneyiminizi daha iyi ko\u015fullarda ya\u015fayabilmeniz i\u00e7in Circular Car Hire\u2019a bir\u00e7ok alanda destek olduk.<\/p>\n<h2>Circular Car Hire \u0130\u00e7in Verdi\u011fimiz Hizmetler<\/h2>\n<p>Circular Car Hire firmas\u0131 i\u00e7in vermi\u015f oldu\u011fumuz ilk hizmet; alan ad\u0131 ve bar\u0131nd\u0131rma \u00fczerineydi. Alan ad\u0131 ve bar\u0131nd\u0131rma hizmetinde firman\u0131z i\u00e7in en uygun olan alan ad\u0131n\u0131 buluyor ve firman\u0131z\u0131n \u00fczerine tescil ettiriyoruz. Sadece bununla da kalm\u0131yor; <strong>domain<\/strong> takibi, domain y\u00f6netimi ve backorder taraf\u0131nda ger\u00e7ekle\u015ftirilecek b\u00fct\u00fcn i\u015flemleri sizin yerinize biz yap\u0131yoruz.<\/p>\n<p>Circular Car Hire i\u00e7in yapt\u0131\u011f\u0131m\u0131z bir di\u011fer hizmet ise <strong>sosyal medya y\u00f6netimi<\/strong>. Sosyal medya kanallar\u0131 sayesinde Circular Car Hire firmas\u0131n\u0131n dijital ortamdaki hedeflerine ula\u015f\u0131lmas\u0131n\u0131 sa\u011flad\u0131k. Ayn\u0131 zamanda Google Plus, Facebook, \u0130nstagram ve Twitter\u2019da bilinir olmas\u0131 sa\u011flanarak var olan m\u00fc\u015fterilerin sad\u0131k kalmas\u0131n\u0131 ve yeni m\u00fc\u015fterilere ula\u015f\u0131lmas\u0131n\u0131 ama\u00e7lad\u0131k. T\u00fcm bunlar\u0131n yan\u0131nda sosyal medya y\u00f6netimi ile yepyeni bir imaj yaratt\u0131k. Bu imaj ile markaya olan g\u00fcvenirli\u011fin artmas\u0131na katk\u0131 sa\u011flad\u0131k.<\/p>\n<p><img class=\"alignnone wp-image-1187\" src=\"https:\/\/egegen.com\/blog\/wp-content\/uploads\/2017\/03\/circular3.jpg\" alt=\"sosyal medya Circular\" width=\"600\" height=\"256\" \/><\/p>\n<p>Web sitesinin \u00f6neminin tart\u0131\u015f\u0131lamaz oldu\u011fu bug\u00fcnlere ayak uydurabilmek isteyen\u00a0Circular Car Hire i\u00e7in yeni bir web sitesi tasar\u0131m\u0131 ger\u00e7ekle\u015ftirdik. Bu web sitesini tasarlarken d\u00fc\u015f\u00fcnd\u00fc\u011f\u00fcm\u00fcz tek \u015fey, Circular Car Hire kullan\u0131c\u0131lar\u0131yd\u0131. Kullan\u0131c\u0131lar\u0131n; <strong>ara\u00e7 kiralama<\/strong> teklifini kolayca alabilmeleri, kampanyalara rahatl\u0131kla ula\u015fabilmeleri, f\u0131rsatlara g\u00f6z atabilmeleri i\u00e7in tasarlanan anasayfan\u0131n yan\u0131nda bir\u00e7ok farkl\u0131 kategoriden merak ettiklerinize ula\u015fabilmeniz sa\u011flanm\u0131\u015ft\u0131r.<\/p>\n<p>Circular Car Hire i\u00e7in t\u00fcm bu hizmetleri sa\u011flad\u0131k ancak yollar\u0131m\u0131z\u0131 ay\u0131rmad\u0131k! Sat\u0131\u015f sonras\u0131 verdi\u011fimiz destek ile sundu\u011fumuz t\u00fcm bu hizmetlerde, \u00e7\u0131kacak herhangi bir problemde bize rahat\u00e7a ula\u015fabilirsiniz. Sorunsuz ve unutulmaz bir i\u015f ortakl\u0131\u011f\u0131 ger\u00e7ekle\u015ftirdi\u011fimiz Circular Car Hire\u2019la \u00e7al\u0131\u015fmaktan ald\u0131\u011f\u0131m\u0131z keyfin hep s\u00fcrmesini diliyoruz.!<\/p>\n","protected":false},"excerpt":{"rendered":"<p>Circular Car Hire, ara\u00e7 kiralama konusunda sizlere en iyi deneyimi ya\u015faman\u0131z\u0131 sa\u011flar. T\u00fcrkiye\u2019de, Makedonya\u2019da ve Bulgaristan\u2019da hizmet vermekte olan Circular Car Hire sayesinde, ister ekonomik isterseniz bir \u00fcst kategoride yer alan ara\u00e7lardan diledi\u011finizi se\u00e7erek, e\u015fsiz bir deneyim ya\u015fayabilirsiniz. Bu deneyiminizi daha iyi ko\u015fullarda ya\u015fayabilmeniz i\u00e7in Circular Car Hire\u2019a bir\u00e7ok alanda destek olduk. Circular Car Hire &hellip;<\/p>\n","protected":false},"author":1,"featured_media":1188,"comment_status":"open","ping_status":"open","sticky":false,"template":"","format":"standard","meta":[],"categories":[179],"tags":[],"_links":{"self":[{"href":"https:\/\/egegen.com\/blog\/wp-json\/wp\/v2\/posts\/1186"}],"collection":[{"href":"https:\/\/egegen.com\/blog\/wp-json\/wp\/v2\/posts"}],"about":[{"href":"https:\/\/egegen.com\/blog\/wp-json\/wp\/v2\/types\/post"}],"author":[{"embeddable":true,"href":"https:\/\/egegen.com\/blog\/wp-json\/wp\/v2\/users\/1"}],"replies":[{"embeddable":true,"href":"https:\/\/egegen.com\/blog\/wp-json\/wp\/v2\/comments?post=1186"}],"version-history":[{"count":0,"href":"https:\/\/egegen.com\/blog\/wp-json\/wp\/v2\/posts\/1186\/revisions"}],"wp:featuredmedia":[{"embeddable":true,"href":"https:\/\/egegen.com\/blog\/wp-json\/wp\/v2\/media\/1188"}],"wp:attachment":[{"href":"https:\/\/egegen.com\/blog\/wp-json\/wp\/v2\/media?parent=1186"}],"wp:term":[{"taxonomy":"category","embeddable":true,"href":"https:\/\/egegen.com\/blog\/wp-json\/wp\/v2\/categories?post=1186"},{"taxonomy":"post_tag","embeddable":true,"href":"https:\/\/egegen.com\/blog\/wp-json\/wp\/v2\/tags?post=1186"}],"curies":[{"name":"wp","href":"https:\/\/api.w.org\/{rel}","templated":true}]}}